{"id":106387,"date":"2025-12-15T18:30:40","date_gmt":"2025-12-15T17:30:40","guid":{"rendered":"https:\/\/www.eurofirms.com\/pe\/?p=106387"},"modified":"2026-04-20T19:18:19","modified_gmt":"2026-04-20T17:18:19","slug":"eurofirms-group-nombra-a-anna-golsa-nueva-ceo","status":"publish","type":"post","link":"https:\/\/www.eurofirms.com\/pe\/es\/eurofirms-group-nombra-a-anna-golsa-nueva-ceo\/","title":{"rendered":"Eurofirms Group nombra a Anna Golsa nueva CEO"},"content":{"rendered":"\n<p>Eurofirms Group, primera multinacional espa\u00f1ola especializada en gesti\u00f3n de talento, ha anunciado el nombramiento de Anna Golsa como nueva CEO global de la compa\u00f1\u00eda, cargo que asumir\u00e1 a partir de enero de 2026. Con esta decisi\u00f3n, la organizaci\u00f3n refuerza su modelo de gobernanza y avanza en la implementaci\u00f3n de su plan estrat\u00e9gico 2024-2027 dise\u00f1ado por el nuevo equipo e impulsado por Golsa.<\/p>\n\n\n\n<p>Anna Golsa se incorpor\u00f3 a Eurofirms Group en 2023 como directora general de servicios corporativos y con su nombramiento se ha creado un comit\u00e9 de direcci\u00f3n centrado en el plan de transformaci\u00f3n digital y en la consolidaci\u00f3n internacional de la compa\u00f1\u00eda. Durante este tiempo, ha desarrollado la integraci\u00f3n de tecnolog\u00edas innovadoras en los procesos de selecci\u00f3n y ha contribuido a fortalecer la presencia del grupo en los siete pa\u00edses donde opera.<\/p>\n\n\n\n<p>Miquel Jord\u00e0, propietario y hasta ahora CEO, continuar\u00e1 vinculado a la compa\u00f1\u00eda como presidente del Consejo Asesor, con un rol centrado en la supervisi\u00f3n estrat\u00e9gica y la promoci\u00f3n de la cultura People first, pilar fundamental en el crecimiento y expansi\u00f3n internacional del grupo.<\/p>\n\n\n\n<p>En palabras de Jord\u00e0: \u201cEste nombramiento responde a la necesidad de separar las funciones operativas de las propias del accionista y a nuestro convencimiento sobre el compromiso y la visi\u00f3n global de Anna. En una empresa en expansi\u00f3n como la nuestra, es esencial contar con una figura que acompa\u00f1e a nuestros l\u00edderes en la ejecuci\u00f3n del plan estrat\u00e9gico y en la adaptaci\u00f3n a las nuevas tendencias\u201d.<\/p>\n\n\n\n<p>Por su parte, Golsa ha declarado: \u00abAsumo con gran ilusi\u00f3n este reto, con la determinaci\u00f3n de seguir impulsando el crecimiento internacional y consolidando una visi\u00f3n que pone a las personas en el centro, junto a un equipo excepcional que hace posible cada logro\u201d.<\/p>\n\n\n\n<p>Con m\u00e1s de diez a\u00f1os de experiencia en puestos directivos a nivel nacional e internacional, Golsa ha liderado proyectos de innovaci\u00f3n y transformaci\u00f3n digital en compa\u00f1\u00edas como Cofidis, donde ocup\u00f3 el cargo de directora de Operaciones y Negocio B2C y miembro del Consejo de Administraci\u00f3n. Su trayectoria refuerza el compromiso de Eurofirms Group con la excelencia, la innovaci\u00f3n y la creaci\u00f3n de valor para clientes y profesionales.<\/p>\n\n\n\n<br>\n\n\n\n<h3 class=\"wp-block-heading\"><strong>SOBRE EUROFIRMS PEOPLE FIRST<\/strong><\/h3>\n\n\n\n<p>Eurofirms People first somos la primera multinacional espa\u00f1ola de gesti\u00f3n del talento. Desde 1991 ayudamos a las personas a encontrar empleo y a las empresas a encontrar talento, con una forma de trabajar que nos define: People first.<\/p>\n\n\n\n<p>Nuestra cultura prioriza a las personas y se basa en tres valores que nos acompa\u00f1an desde el inicio: respeto, responsabilidad y transparencia. Creemos que las relaciones de confianza, el bienestar y el compromiso son la base de cualquier proyecto sostenible, y aplicamos esa filosof\u00eda en todo lo que hacemos.<\/p>\n\n\n\n<p>Cada d\u00eda generamos oportunidades laborales para m\u00e1s de 30.000 personas y colaboramos con m\u00e1s de 5.000 empresas, buscando siempre el mejor encaje entre talento y organizaci\u00f3n. M\u00e1s all\u00e1 de cubrir vacantes, acompa\u00f1amos a las empresas en la creaci\u00f3n de equipos alineados con su cultura y su prop\u00f3sito.<\/p>\n\n\n\n<p>Con 1.600 profesionales en 7 pa\u00edses y una red de 160 oficinas, ofrecemos soluciones de trabajo temporal, selecci\u00f3n, outsourcing, headhunting, executive search, formaci\u00f3n y desarrollo de personas. Adem\u00e1s, a trav\u00e9s de Eurofirms Foundation, promovemos la inclusi\u00f3n laboral de personas con discapacidad, facilitando m\u00e1s de 9.000 contrataciones y contribuyendo a una sociedad m\u00e1s justa e inclusiva.<\/p>\n\n\n\n<p>A su vez, en 2025 Eurofirms ha sido distinguida por Forbes como la \u00fanica empresa de gesti\u00f3n de talento presente en el ranking de las mejores empresas para trabajar en Espa\u00f1a.<\/p>\n\n\n\n<p>Eurofirms People first, Claire Joster y Eurofirms Foundation son las marcas que forman parte del grupo, reflejando un modelo de gesti\u00f3n del talento que combina crecimiento empresarial con impacto social.<\/p>\n","protected":false},"excerpt":{"rendered":"<p>Eurofirms Group, primera multinacional espa\u00f1ola especializada en gesti\u00f3n de talento, ha anunciado el nombramiento de Anna Golsa como nueva CEO global de la compa\u00f1\u00eda, cargo que asumir\u00e1 a partir de enero de 2026. Con esta decisi\u00f3n, la organizaci\u00f3n refuerza su modelo de gobernanza y avanza en la implementaci\u00f3n de su plan estrat\u00e9gico 2024-2027 dise\u00f1ado por [&hellip;]<\/p>\n","protected":false},"author":34,"featured_media":106389,"comment_status":"open","ping_status":"open","sticky":false,"template":"","format":"standard","meta":{"footnotes":""},"categories":[73],"tags":[],"class_list":["post-106387","post","type-post","status-publish","format-standard","has-post-thumbnail","hentry","category-noticias-eurofirms"],"acf":[],"yoast_head":"<!-- This site is optimized with the Yoast SEO plugin v27.4 - https:\/\/yoast.com\/product\/yoast-seo-wordpress\/ -->\n<title>Eurofirms Group nombra a Anna Golsa nueva CEO - Eurofirms Per\u00fa<\/title>\n<meta name=\"description\" content=\"Anna Golsa se incorpor\u00f3 a Eurofirms Group en 2023 como directora general de servicios corporativos y con su nombramiento hemos creado un comit\u00e9 de direcci\u00f3n centrado en el plan de transformaci\u00f3n digital y en la consolidaci\u00f3n internacional de la compa\u00f1\u00eda.\" \/>\n<meta name=\"robots\" content=\"index, follow, max-snippet:-1, max-image-preview:large, max-video-preview:-1\" \/>\n<link rel=\"canonical\" href=\"https:\/\/www.eurofirms.com\/pe\/es\/eurofirms-group-nombra-a-anna-golsa-nueva-ceo\/\" \/>\n<meta property=\"og:locale\" content=\"es_ES\" \/>\n<meta property=\"og:type\" content=\"article\" \/>\n<meta property=\"og:title\" content=\"Eurofirms Group nombra a Anna Golsa nueva CEO - Eurofirms Per\u00fa\" \/>\n<meta property=\"og:description\" content=\"Anna Golsa se incorpor\u00f3 a Eurofirms Group en 2023 como directora general de servicios corporativos y con su nombramiento hemos creado un comit\u00e9 de direcci\u00f3n centrado en el plan de transformaci\u00f3n digital y en la consolidaci\u00f3n internacional de la compa\u00f1\u00eda.\" \/>\n<meta property=\"og:url\" content=\"https:\/\/www.eurofirms.com\/pe\/es\/eurofirms-group-nombra-a-anna-golsa-nueva-ceo\/\" \/>\n<meta property=\"og:site_name\" content=\"Eurofirms Per\u00fa\" \/>\n<meta property=\"article:published_time\" content=\"2025-12-15T17:30:40+00:00\" \/>\n<meta property=\"article:modified_time\" content=\"2026-04-20T17:18:19+00:00\" \/>\n<meta property=\"og:image\" content=\"https:\/\/www.eurofirms.com\/pe\/wp-content\/uploads\/sites\/9\/2026\/04\/AnnaGolsa-Eurofirms-LaVanguardia-Talento-Global.webp\" \/>\n\t<meta property=\"og:image:width\" content=\"1000\" \/>\n\t<meta property=\"og:image:height\" content=\"340\" \/>\n\t<meta property=\"og:image:type\" content=\"image\/webp\" \/>\n<meta name=\"author\" content=\"lalejandra\" \/>\n<meta name=\"twitter:card\" content=\"summary_large_image\" \/>\n<meta name=\"twitter:label1\" content=\"Escrito por\" \/>\n\t<meta name=\"twitter:data1\" content=\"lalejandra\" \/>\n\t<meta name=\"twitter:label2\" content=\"Tiempo de lectura\" \/>\n\t<meta name=\"twitter:data2\" content=\"3 minutos\" \/>\n<script type=\"application\/ld+json\" class=\"yoast-schema-graph\">{\"@context\":\"https:\\\/\\\/schema.org\",\"@graph\":[{\"@type\":\"Article\",\"@id\":\"https:\\\/\\\/www.eurofirms.com\\\/pe\\\/es\\\/eurofirms-group-nombra-a-anna-golsa-nueva-ceo\\\/#article\",\"isPartOf\":{\"@id\":\"https:\\\/\\\/www.eurofirms.com\\\/pe\\\/es\\\/eurofirms-group-nombra-a-anna-golsa-nueva-ceo\\\/\"},\"author\":{\"name\":\"lalejandra\",\"@id\":\"https:\\\/\\\/www.eurofirms.com\\\/pe\\\/es\\\/#\\\/schema\\\/person\\\/ccfd6e77554b0284c107fc153a5425e5\"},\"headline\":\"Eurofirms Group nombra a Anna Golsa nueva CEO\",\"datePublished\":\"2025-12-15T17:30:40+00:00\",\"dateModified\":\"2026-04-20T17:18:19+00:00\",\"mainEntityOfPage\":{\"@id\":\"https:\\\/\\\/www.eurofirms.com\\\/pe\\\/es\\\/eurofirms-group-nombra-a-anna-golsa-nueva-ceo\\\/\"},\"wordCount\":667,\"commentCount\":0,\"publisher\":{\"@id\":\"https:\\\/\\\/www.eurofirms.com\\\/pe\\\/es\\\/#organization\"},\"image\":{\"@id\":\"https:\\\/\\\/www.eurofirms.com\\\/pe\\\/es\\\/eurofirms-group-nombra-a-anna-golsa-nueva-ceo\\\/#primaryimage\"},\"thumbnailUrl\":\"https:\\\/\\\/www.eurofirms.com\\\/pe\\\/wp-content\\\/uploads\\\/sites\\\/9\\\/2026\\\/04\\\/AnnaGolsa-Eurofirms-LaVanguardia-Talento-Global.webp\",\"articleSection\":[\"Noticias Eurofirms\"],\"inLanguage\":\"es\",\"potentialAction\":[{\"@type\":\"CommentAction\",\"name\":\"Comment\",\"target\":[\"https:\\\/\\\/www.eurofirms.com\\\/pe\\\/es\\\/eurofirms-group-nombra-a-anna-golsa-nueva-ceo\\\/#respond\"]}]},{\"@type\":\"WebPage\",\"@id\":\"https:\\\/\\\/www.eurofirms.com\\\/pe\\\/es\\\/eurofirms-group-nombra-a-anna-golsa-nueva-ceo\\\/\",\"url\":\"https:\\\/\\\/www.eurofirms.com\\\/pe\\\/es\\\/eurofirms-group-nombra-a-anna-golsa-nueva-ceo\\\/\",\"name\":\"Eurofirms Group nombra a Anna Golsa nueva CEO - Eurofirms Per\u00fa\",\"isPartOf\":{\"@id\":\"https:\\\/\\\/www.eurofirms.com\\\/pe\\\/es\\\/#website\"},\"primaryImageOfPage\":{\"@id\":\"https:\\\/\\\/www.eurofirms.com\\\/pe\\\/es\\\/eurofirms-group-nombra-a-anna-golsa-nueva-ceo\\\/#primaryimage\"},\"image\":{\"@id\":\"https:\\\/\\\/www.eurofirms.com\\\/pe\\\/es\\\/eurofirms-group-nombra-a-anna-golsa-nueva-ceo\\\/#primaryimage\"},\"thumbnailUrl\":\"https:\\\/\\\/www.eurofirms.com\\\/pe\\\/wp-content\\\/uploads\\\/sites\\\/9\\\/2026\\\/04\\\/AnnaGolsa-Eurofirms-LaVanguardia-Talento-Global.webp\",\"datePublished\":\"2025-12-15T17:30:40+00:00\",\"dateModified\":\"2026-04-20T17:18:19+00:00\",\"description\":\"Anna Golsa se incorpor\u00f3 a Eurofirms Group en 2023 como directora general de servicios corporativos y con su nombramiento hemos creado un comit\u00e9 de direcci\u00f3n centrado en el plan de transformaci\u00f3n digital y en la consolidaci\u00f3n internacional de la compa\u00f1\u00eda.\",\"breadcrumb\":{\"@id\":\"https:\\\/\\\/www.eurofirms.com\\\/pe\\\/es\\\/eurofirms-group-nombra-a-anna-golsa-nueva-ceo\\\/#breadcrumb\"},\"inLanguage\":\"es\",\"potentialAction\":[{\"@type\":\"ReadAction\",\"target\":[\"https:\\\/\\\/www.eurofirms.com\\\/pe\\\/es\\\/eurofirms-group-nombra-a-anna-golsa-nueva-ceo\\\/\"]}]},{\"@type\":\"ImageObject\",\"inLanguage\":\"es\",\"@id\":\"https:\\\/\\\/www.eurofirms.com\\\/pe\\\/es\\\/eurofirms-group-nombra-a-anna-golsa-nueva-ceo\\\/#primaryimage\",\"url\":\"https:\\\/\\\/www.eurofirms.com\\\/pe\\\/wp-content\\\/uploads\\\/sites\\\/9\\\/2026\\\/04\\\/AnnaGolsa-Eurofirms-LaVanguardia-Talento-Global.webp\",\"contentUrl\":\"https:\\\/\\\/www.eurofirms.com\\\/pe\\\/wp-content\\\/uploads\\\/sites\\\/9\\\/2026\\\/04\\\/AnnaGolsa-Eurofirms-LaVanguardia-Talento-Global.webp\",\"width\":1000,\"height\":340},{\"@type\":\"BreadcrumbList\",\"@id\":\"https:\\\/\\\/www.eurofirms.com\\\/pe\\\/es\\\/eurofirms-group-nombra-a-anna-golsa-nueva-ceo\\\/#breadcrumb\",\"itemListElement\":[{\"@type\":\"ListItem\",\"position\":1,\"name\":\"Home\",\"item\":\"https:\\\/\\\/www.eurofirms.com\\\/pe\\\/es\\\/\"},{\"@type\":\"ListItem\",\"position\":2,\"name\":\"Eurofirms Group nombra a Anna Golsa nueva CEO\"}]},{\"@type\":\"WebSite\",\"@id\":\"https:\\\/\\\/www.eurofirms.com\\\/pe\\\/es\\\/#website\",\"url\":\"https:\\\/\\\/www.eurofirms.com\\\/pe\\\/es\\\/\",\"name\":\"Eurofirms Per\u00fa\",\"description\":\"Eurofirms\",\"publisher\":{\"@id\":\"https:\\\/\\\/www.eurofirms.com\\\/pe\\\/es\\\/#organization\"},\"potentialAction\":[{\"@type\":\"SearchAction\",\"target\":{\"@type\":\"EntryPoint\",\"urlTemplate\":\"https:\\\/\\\/www.eurofirms.com\\\/pe\\\/es\\\/?s={search_term_string}\"},\"query-input\":{\"@type\":\"PropertyValueSpecification\",\"valueRequired\":true,\"valueName\":\"search_term_string\"}}],\"inLanguage\":\"es\"},{\"@type\":\"Organization\",\"@id\":\"https:\\\/\\\/www.eurofirms.com\\\/pe\\\/es\\\/#organization\",\"name\":\"Eurofirms Per\u00fa\",\"url\":\"https:\\\/\\\/www.eurofirms.com\\\/pe\\\/es\\\/\",\"logo\":{\"@type\":\"ImageObject\",\"inLanguage\":\"es\",\"@id\":\"https:\\\/\\\/www.eurofirms.com\\\/pe\\\/es\\\/#\\\/schema\\\/logo\\\/image\\\/\",\"url\":\"https:\\\/\\\/www.eurofirms.com\\\/pe\\\/wp-content\\\/uploads\\\/sites\\\/9\\\/2025\\\/02\\\/Eurofirms-logo.svg\",\"contentUrl\":\"https:\\\/\\\/www.eurofirms.com\\\/pe\\\/wp-content\\\/uploads\\\/sites\\\/9\\\/2025\\\/02\\\/Eurofirms-logo.svg\",\"width\":130,\"height\":38,\"caption\":\"Eurofirms Per\u00fa\"},\"image\":{\"@id\":\"https:\\\/\\\/www.eurofirms.com\\\/pe\\\/es\\\/#\\\/schema\\\/logo\\\/image\\\/\"}},{\"@type\":\"Person\",\"@id\":\"https:\\\/\\\/www.eurofirms.com\\\/pe\\\/es\\\/#\\\/schema\\\/person\\\/ccfd6e77554b0284c107fc153a5425e5\",\"name\":\"lalejandra\",\"image\":{\"@type\":\"ImageObject\",\"inLanguage\":\"es\",\"@id\":\"https:\\\/\\\/secure.gravatar.com\\\/avatar\\\/6b806b08d0ea85ec409bfd3c9821d78fd8759431b999d9543a2121ef0c045c19?s=96&d=mm&r=g\",\"url\":\"https:\\\/\\\/secure.gravatar.com\\\/avatar\\\/6b806b08d0ea85ec409bfd3c9821d78fd8759431b999d9543a2121ef0c045c19?s=96&d=mm&r=g\",\"contentUrl\":\"https:\\\/\\\/secure.gravatar.com\\\/avatar\\\/6b806b08d0ea85ec409bfd3c9821d78fd8759431b999d9543a2121ef0c045c19?s=96&d=mm&r=g\",\"caption\":\"lalejandra\"},\"url\":\"https:\\\/\\\/www.eurofirms.com\\\/pe\\\/es\\\/author\\\/lalejandra\\\/\"}]}<\/script>\n<!-- \/ Yoast SEO plugin. -->","yoast_head_json":{"title":"Eurofirms Group nombra a Anna Golsa nueva CEO - Eurofirms Per\u00fa","description":"Anna Golsa se incorpor\u00f3 a Eurofirms Group en 2023 como directora general de servicios corporativos y con su nombramiento hemos creado un comit\u00e9 de direcci\u00f3n centrado en el plan de transformaci\u00f3n digital y en la consolidaci\u00f3n internacional de la compa\u00f1\u00eda.","robots":{"index":"index","follow":"follow","max-snippet":"max-snippet:-1","max-image-preview":"max-image-preview:large","max-video-preview":"max-video-preview:-1"},"canonical":"https:\/\/www.eurofirms.com\/pe\/es\/eurofirms-group-nombra-a-anna-golsa-nueva-ceo\/","og_locale":"es_ES","og_type":"article","og_title":"Eurofirms Group nombra a Anna Golsa nueva CEO - Eurofirms Per\u00fa","og_description":"Anna Golsa se incorpor\u00f3 a Eurofirms Group en 2023 como directora general de servicios corporativos y con su nombramiento hemos creado un comit\u00e9 de direcci\u00f3n centrado en el plan de transformaci\u00f3n digital y en la consolidaci\u00f3n internacional de la compa\u00f1\u00eda.","og_url":"https:\/\/www.eurofirms.com\/pe\/es\/eurofirms-group-nombra-a-anna-golsa-nueva-ceo\/","og_site_name":"Eurofirms Per\u00fa","article_published_time":"2025-12-15T17:30:40+00:00","article_modified_time":"2026-04-20T17:18:19+00:00","og_image":[{"width":1000,"height":340,"url":"https:\/\/www.eurofirms.com\/pe\/wp-content\/uploads\/sites\/9\/2026\/04\/AnnaGolsa-Eurofirms-LaVanguardia-Talento-Global.webp","type":"image\/webp"}],"author":"lalejandra","twitter_card":"summary_large_image","twitter_misc":{"Escrito por":"lalejandra","Tiempo de lectura":"3 minutos"},"schema":{"@context":"https:\/\/schema.org","@graph":[{"@type":"Article","@id":"https:\/\/www.eurofirms.com\/pe\/es\/eurofirms-group-nombra-a-anna-golsa-nueva-ceo\/#article","isPartOf":{"@id":"https:\/\/www.eurofirms.com\/pe\/es\/eurofirms-group-nombra-a-anna-golsa-nueva-ceo\/"},"author":{"name":"lalejandra","@id":"https:\/\/www.eurofirms.com\/pe\/es\/#\/schema\/person\/ccfd6e77554b0284c107fc153a5425e5"},"headline":"Eurofirms Group nombra a Anna Golsa nueva CEO","datePublished":"2025-12-15T17:30:40+00:00","dateModified":"2026-04-20T17:18:19+00:00","mainEntityOfPage":{"@id":"https:\/\/www.eurofirms.com\/pe\/es\/eurofirms-group-nombra-a-anna-golsa-nueva-ceo\/"},"wordCount":667,"commentCount":0,"publisher":{"@id":"https:\/\/www.eurofirms.com\/pe\/es\/#organization"},"image":{"@id":"https:\/\/www.eurofirms.com\/pe\/es\/eurofirms-group-nombra-a-anna-golsa-nueva-ceo\/#primaryimage"},"thumbnailUrl":"https:\/\/www.eurofirms.com\/pe\/wp-content\/uploads\/sites\/9\/2026\/04\/AnnaGolsa-Eurofirms-LaVanguardia-Talento-Global.webp","articleSection":["Noticias Eurofirms"],"inLanguage":"es","potentialAction":[{"@type":"CommentAction","name":"Comment","target":["https:\/\/www.eurofirms.com\/pe\/es\/eurofirms-group-nombra-a-anna-golsa-nueva-ceo\/#respond"]}]},{"@type":"WebPage","@id":"https:\/\/www.eurofirms.com\/pe\/es\/eurofirms-group-nombra-a-anna-golsa-nueva-ceo\/","url":"https:\/\/www.eurofirms.com\/pe\/es\/eurofirms-group-nombra-a-anna-golsa-nueva-ceo\/","name":"Eurofirms Group nombra a Anna Golsa nueva CEO - Eurofirms Per\u00fa","isPartOf":{"@id":"https:\/\/www.eurofirms.com\/pe\/es\/#website"},"primaryImageOfPage":{"@id":"https:\/\/www.eurofirms.com\/pe\/es\/eurofirms-group-nombra-a-anna-golsa-nueva-ceo\/#primaryimage"},"image":{"@id":"https:\/\/www.eurofirms.com\/pe\/es\/eurofirms-group-nombra-a-anna-golsa-nueva-ceo\/#primaryimage"},"thumbnailUrl":"https:\/\/www.eurofirms.com\/pe\/wp-content\/uploads\/sites\/9\/2026\/04\/AnnaGolsa-Eurofirms-LaVanguardia-Talento-Global.webp","datePublished":"2025-12-15T17:30:40+00:00","dateModified":"2026-04-20T17:18:19+00:00","description":"Anna Golsa se incorpor\u00f3 a Eurofirms Group en 2023 como directora general de servicios corporativos y con su nombramiento hemos creado un comit\u00e9 de direcci\u00f3n centrado en el plan de transformaci\u00f3n digital y en la consolidaci\u00f3n internacional de la compa\u00f1\u00eda.","breadcrumb":{"@id":"https:\/\/www.eurofirms.com\/pe\/es\/eurofirms-group-nombra-a-anna-golsa-nueva-ceo\/#breadcrumb"},"inLanguage":"es","potentialAction":[{"@type":"ReadAction","target":["https:\/\/www.eurofirms.com\/pe\/es\/eurofirms-group-nombra-a-anna-golsa-nueva-ceo\/"]}]},{"@type":"ImageObject","inLanguage":"es","@id":"https:\/\/www.eurofirms.com\/pe\/es\/eurofirms-group-nombra-a-anna-golsa-nueva-ceo\/#primaryimage","url":"https:\/\/www.eurofirms.com\/pe\/wp-content\/uploads\/sites\/9\/2026\/04\/AnnaGolsa-Eurofirms-LaVanguardia-Talento-Global.webp","contentUrl":"https:\/\/www.eurofirms.com\/pe\/wp-content\/uploads\/sites\/9\/2026\/04\/AnnaGolsa-Eurofirms-LaVanguardia-Talento-Global.webp","width":1000,"height":340},{"@type":"BreadcrumbList","@id":"https:\/\/www.eurofirms.com\/pe\/es\/eurofirms-group-nombra-a-anna-golsa-nueva-ceo\/#breadcrumb","itemListElement":[{"@type":"ListItem","position":1,"name":"Home","item":"https:\/\/www.eurofirms.com\/pe\/es\/"},{"@type":"ListItem","position":2,"name":"Eurofirms Group nombra a Anna Golsa nueva CEO"}]},{"@type":"WebSite","@id":"https:\/\/www.eurofirms.com\/pe\/es\/#website","url":"https:\/\/www.eurofirms.com\/pe\/es\/","name":"Eurofirms Per\u00fa","description":"Eurofirms","publisher":{"@id":"https:\/\/www.eurofirms.com\/pe\/es\/#organization"},"potentialAction":[{"@type":"SearchAction","target":{"@type":"EntryPoint","urlTemplate":"https:\/\/www.eurofirms.com\/pe\/es\/?s={search_term_string}"},"query-input":{"@type":"PropertyValueSpecification","valueRequired":true,"valueName":"search_term_string"}}],"inLanguage":"es"},{"@type":"Organization","@id":"https:\/\/www.eurofirms.com\/pe\/es\/#organization","name":"Eurofirms Per\u00fa","url":"https:\/\/www.eurofirms.com\/pe\/es\/","logo":{"@type":"ImageObject","inLanguage":"es","@id":"https:\/\/www.eurofirms.com\/pe\/es\/#\/schema\/logo\/image\/","url":"https:\/\/www.eurofirms.com\/pe\/wp-content\/uploads\/sites\/9\/2025\/02\/Eurofirms-logo.svg","contentUrl":"https:\/\/www.eurofirms.com\/pe\/wp-content\/uploads\/sites\/9\/2025\/02\/Eurofirms-logo.svg","width":130,"height":38,"caption":"Eurofirms Per\u00fa"},"image":{"@id":"https:\/\/www.eurofirms.com\/pe\/es\/#\/schema\/logo\/image\/"}},{"@type":"Person","@id":"https:\/\/www.eurofirms.com\/pe\/es\/#\/schema\/person\/ccfd6e77554b0284c107fc153a5425e5","name":"lalejandra","image":{"@type":"ImageObject","inLanguage":"es","@id":"https:\/\/secure.gravatar.com\/avatar\/6b806b08d0ea85ec409bfd3c9821d78fd8759431b999d9543a2121ef0c045c19?s=96&d=mm&r=g","url":"https:\/\/secure.gravatar.com\/avatar\/6b806b08d0ea85ec409bfd3c9821d78fd8759431b999d9543a2121ef0c045c19?s=96&d=mm&r=g","contentUrl":"https:\/\/secure.gravatar.com\/avatar\/6b806b08d0ea85ec409bfd3c9821d78fd8759431b999d9543a2121ef0c045c19?s=96&d=mm&r=g","caption":"lalejandra"},"url":"https:\/\/www.eurofirms.com\/pe\/es\/author\/lalejandra\/"}]}},"_links":{"self":[{"href":"https:\/\/www.eurofirms.com\/pe\/es\/wp-json\/wp\/v2\/posts\/106387","targetHints":{"allow":["GET"]}}],"collection":[{"href":"https:\/\/www.eurofirms.com\/pe\/es\/wp-json\/wp\/v2\/posts"}],"about":[{"href":"https:\/\/www.eurofirms.com\/pe\/es\/wp-json\/wp\/v2\/types\/post"}],"author":[{"embeddable":true,"href":"https:\/\/www.eurofirms.com\/pe\/es\/wp-json\/wp\/v2\/users\/34"}],"replies":[{"embeddable":true,"href":"https:\/\/www.eurofirms.com\/pe\/es\/wp-json\/wp\/v2\/comments?post=106387"}],"version-history":[{"count":6,"href":"https:\/\/www.eurofirms.com\/pe\/es\/wp-json\/wp\/v2\/posts\/106387\/revisions"}],"predecessor-version":[{"id":106398,"href":"https:\/\/www.eurofirms.com\/pe\/es\/wp-json\/wp\/v2\/posts\/106387\/revisions\/106398"}],"wp:featuredmedia":[{"embeddable":true,"href":"https:\/\/www.eurofirms.com\/pe\/es\/wp-json\/wp\/v2\/media\/106389"}],"wp:attachment":[{"href":"https:\/\/www.eurofirms.com\/pe\/es\/wp-json\/wp\/v2\/media?parent=106387"}],"wp:term":[{"taxonomy":"category","embeddable":true,"href":"https:\/\/www.eurofirms.com\/pe\/es\/wp-json\/wp\/v2\/categories?post=106387"},{"taxonomy":"post_tag","embeddable":true,"href":"https:\/\/www.eurofirms.com\/pe\/es\/wp-json\/wp\/v2\/tags?post=106387"}],"curies":[{"name":"wp","href":"https:\/\/api.w.org\/{rel}","templated":true}]}}