{"id":106382,"date":"2026-04-16T23:41:02","date_gmt":"2026-04-16T21:41:02","guid":{"rendered":"https:\/\/www.eurofirms.com\/pe\/?p=106382"},"modified":"2026-04-24T16:28:16","modified_gmt":"2026-04-24T14:28:16","slug":"reduccion-jordana-laboral","status":"publish","type":"post","link":"https:\/\/www.eurofirms.com\/pe\/es\/reduccion-jordana-laboral\/","title":{"rendered":"Reducci\u00f3n de la jornada laboral: qu\u00e9 es y c\u00f3mo afecta a tu trabajo"},"content":{"rendered":"\n<p><strong>La reducci\u00f3n de la jornada laboral<\/strong> es una medida que permite trabajar menos horas manteniendo una relaci\u00f3n laboral activa y se ha convertido en un tema clave en el mercado laboral en Per\u00fa. Cada vez m\u00e1s personas valoran este modelo como una forma de mejorar la conciliaci\u00f3n, el bienestar y el equilibrio entre la vida personal y profesional.<\/p>\n\n\n\n<p>Entender c\u00f3mo funciona la reducci\u00f3n de la jornada laboral y c\u00f3mo impacta en las condiciones de trabajo es fundamental para tomar decisiones alineadas con la propia trayectoria profesional. En <a href=\"https:\/\/www.eurofirms.com\/pe\/es\/?utm_source=web&amp;utm_medium=blog&amp;utm_campaign=pe_jornada_laboral&amp;utm_content=pf&amp;utm_term=generic\" id=\"https:\/\/www.eurofirms.com\/pe\/es\/?utm_source=web&amp;utm_medium=blog&amp;utm_campaign=pe_jornada_laboral&amp;utm_content=pf&amp;utm_term=generic\" target=\"_blank\" rel=\"noreferrer noopener\">Eurofirms<\/a> ayudamos a las personas a encontrar empresas que encajen con las condiciones laborales que buscan, acompa\u00f1\u00e1ndolas en la <a href=\"https:\/\/eurofirmsperu.pandape.computrabajo.com\/?utm_source=web&amp;utm_medium=blog&amp;utm_campaign=pe_jornada_laboral&amp;utm_content=pf&amp;utm_term=generic\" id=\"https:\/\/eurofirmsperu.pandape.computrabajo.com\/?utm_source=web&amp;utm_medium=blog&amp;utm_campaign=pe_jornada_laboral&amp;utm_content=pf&amp;utm_term=generic\" target=\"_blank\" rel=\"noreferrer noopener\">b\u00fasqueda de un empleo<\/a> que se adapte a sus necesidades y a su bienestar.<\/p>\n\n\n\n<br>\n\n\n\n<h2 class=\"wp-block-heading\"><strong>\u00bfQu\u00e9 es la reducci\u00f3n de la jornada laboral?<\/strong><\/h2>\n\n\n\n<p>La <strong>reducci\u00f3n de la jornada laboral<\/strong> es una modalidad que permite a los trabajadores disminuir el n\u00famero de horas que dedica a su actividad profesional, manteniendo su v\u00ednculo contractual con la empresa. Esta reducci\u00f3n puede aplicarse sobre la jornada diaria, semanal o anual y responde, en la mayor\u00eda de los casos, a necesidades de conciliaci\u00f3n, cuidado familiar o b\u00fasqueda de un mayor equilibrio entre vida personal y trabajo.<\/p>\n\n\n\n<p>Entender qu\u00e9 es la reducci\u00f3n de la jornada laboral implica tener en cuenta que no se trata solo de trabajar menos horas, sino de una forma distinta de organizar el tiempo de trabajo y las condiciones laborales. Su aplicaci\u00f3n puede influir en aspectos como el salario, la distribuci\u00f3n de tareas o la planificaci\u00f3n del equipo, y por eso es importante conocer bien c\u00f3mo funciona y en qu\u00e9 situaciones puede solicitarse antes de tomar una decisi\u00f3n profesional.<\/p>\n\n\n\n<br>\n\n\n\n<h2 class=\"wp-block-heading\"><strong>C\u00f3mo funciona la reducci\u00f3n de la jornada laboral en Espa\u00f1a<\/strong><\/h2>\n\n\n\n<p><strong>La reducci\u00f3n de la jornada laboral en Espa\u00f1a<\/strong> no se aplica de la misma forma en todos los \u00e1mbitos ni para todos los trabajadores. En el empleo p\u00fablico, desde abril de 2026 se ha iniciado la implantaci\u00f3n progresiva de la jornada de 35 horas semanales, sin impacto en el salario, lo que supone un cambio relevante en la organizaci\u00f3n del tiempo de trabajo dentro de la Administraci\u00f3n.<\/p>\n\n\n\n<p>En el sector privado, la reducci\u00f3n de la jornada laboral todav\u00eda no es obligatoria de manera general y depende, en gran medida, de lo que establezcan los convenios colectivos o de los acuerdos entre empresa y empleado. Aun as\u00ed, este nuevo escenario est\u00e1 impulsando a muchas organizaciones a replantear sus condiciones laborales, incorporando modelos m\u00e1s flexibles y una gesti\u00f3n del talento que tenga en cuenta el bienestar, la conciliaci\u00f3n y el encaje real con las personas.<\/p>\n\n\n\n<br>\n\n\n\n<h3 class=\"wp-block-heading\"><strong>Reducci\u00f3n de jornada laboral y salario<\/strong><\/h3>\n\n\n\n<p><strong>La reducci\u00f3n de la jornada laboral y el salario<\/strong> suelen estar directamente relacionados, ya que, en la mayor\u00eda de los casos, trabajar menos horas implica una disminuci\u00f3n proporcional de la retribuci\u00f3n. Esto significa que el salario se ajusta en funci\u00f3n del tiempo de trabajo efectivo, salvo en situaciones concretas reguladas por ley o por acuerdos colectivos que mantienen las condiciones econ\u00f3micas.<\/p>\n\n\n\n<p>Entender c\u00f3mo afecta la reducci\u00f3n de jornada laboral al salario es clave antes de tomar una decisi\u00f3n. M\u00e1s all\u00e1 del impacto econ\u00f3mico, muchas personas valoran este modelo como una inversi\u00f3n en bienestar, conciliaci\u00f3n y calidad de vida. Por eso, es importante analizar no solo cu\u00e1nto se cobra, sino tambi\u00e9n qu\u00e9 se gana en t\u00e9rminos de equilibrio personal y sostenibilidad profesional.<\/p>\n\n\n\n<br>\n\n\n\n<h3 class=\"wp-block-heading\"><strong>Reducci\u00f3n de jornada laboral y tipos de contrato<\/strong><\/h3>\n\n\n\n<p><strong>La reducci\u00f3n de la jornada laboral y los tipos de contrato<\/strong> est\u00e1n estrechamente vinculados, ya que esta modalidad puede aplicarse tanto en contratos indefinidos como temporales, y tambi\u00e9n dar lugar a contratos a tiempo parcial. La clave est\u00e1 en c\u00f3mo se formaliza la jornada y en las condiciones acordadas entre la empresa y el trabajador.<\/p>\n\n\n\n<p>Comprender la relaci\u00f3n entre reducci\u00f3n de jornada laboral y contrato ayuda a tomar decisiones m\u00e1s informadas sobre la trayectoria profesional. Elegir un tipo de contrato u otro no solo define el n\u00famero de horas trabajadas, sino tambi\u00e9n aspectos como la estabilidad, la flexibilidad y el encaje con las necesidades personales. En este contexto, una buena gesti\u00f3n del talento tiene en cuenta tanto el modelo contractual como las expectativas de cada persona para crear relaciones laborales m\u00e1s equilibradas y sostenibles.<\/p>\n\n\n\n<br>\n\n\n\n<h2 class=\"wp-block-heading\"><strong>Tipos de reducci\u00f3n de la jornada laboral<\/strong><\/h2>\n\n\n\n<p><strong>Los tipos de reducci\u00f3n de la jornada laboral<\/strong> pueden variar en funci\u00f3n del motivo, la situaci\u00f3n personal y el acuerdo alcanzado con la empresa. No todas las reducciones responden a la misma necesidad ni tienen el mismo impacto en las condiciones laborales, por lo que es importante conocer las diferentes modalidades antes de solicitar una.<\/p>\n\n\n\n<p>Entender los tipos de reducci\u00f3n de la jornada laboral ayuda a identificar cu\u00e1l encaja mejor con cada momento vital y profesional. Algunas est\u00e1n vinculadas a derechos reconocidos, mientras que otras dependen de acuerdos voluntarios que reflejan modelos de trabajo m\u00e1s flexibles y una forma de entender el empleo centrada en las personas.<\/p>\n\n\n\n<br>\n\n\n\n<h3 class=\"wp-block-heading\"><strong>Reducci\u00f3n de jornada por cuidado de hijos o familiares<\/strong><\/h3>\n\n\n\n<p><strong>La reducci\u00f3n de jornada por cuidado de hijos o familiares<\/strong> es una de las modalidades m\u00e1s habituales y est\u00e1 pensada para facilitar la conciliaci\u00f3n en situaciones de responsabilidad familiar. Permite disminuir el tiempo de trabajo para atender a menores o personas dependientes, manteniendo el v\u00ednculo laboral con la empresa.<\/p>\n\n\n\n<p>Este tipo de reducci\u00f3n de jornada por cuidado de hijos o familiares suele implicar un ajuste proporcional del salario y una reorganizaci\u00f3n del horario, pero aporta estabilidad y seguridad en etapas donde el equilibrio entre vida personal y trabajo resulta prioritario. Es una opci\u00f3n especialmente valorada en entornos laborales que apuestan por condiciones m\u00e1s humanas y sostenibles.<\/p>\n\n\n\n<br>\n\n\n\n<h3 class=\"wp-block-heading\"><strong>Reducci\u00f3n de jornada por conciliaci\u00f3n laboral<\/strong><\/h3>\n\n\n\n<p><strong>La reducci\u00f3n de jornada por conciliaci\u00f3n laboral <\/strong>responde a la necesidad de equilibrar el trabajo con otras \u00e1reas de la vida, como la formaci\u00f3n, la salud o el bienestar personal. No siempre est\u00e1 ligada al cuidado de familiares, sino a una forma m\u00e1s flexible de organizar el tiempo de trabajo.<\/p>\n\n\n\n<p>Optar por una reducci\u00f3n de jornada por conciliaci\u00f3n laboral permite adaptar el ritmo profesional a las circunstancias personales, favoreciendo la continuidad en el empleo sin renunciar al desarrollo profesional. Cada vez m\u00e1s empresas contemplan este tipo de medidas como parte de una gesti\u00f3n del talento orientada al bienestar y a la sostenibilidad a largo plazo.<\/p>\n\n\n\n<br>\n\n\n\n<h3 class=\"wp-block-heading\"><strong>Reducci\u00f3n de jornada voluntaria acordada con la empresa<\/strong><\/h3>\n\n\n\n<p><strong>La reducci\u00f3n de jornada voluntaria acordada con la empresa<\/strong> se basa en un pacto entre ambas partes para ajustar el n\u00famero de horas trabajadas seg\u00fan las necesidades del negocio y de la persona trabajadora. No responde a una causa espec\u00edfica, sino a un acuerdo que busca flexibilidad y equilibrio.<\/p>\n\n\n\n<p>Este tipo de reducci\u00f3n de jornada voluntaria acordada con la empresa es habitual en organizaciones que apuestan por modelos de trabajo m\u00e1s adaptables y por relaciones laborales basadas en la confianza. Bien planteada, puede convertirse en una soluci\u00f3n que mejore la motivaci\u00f3n, el compromiso y el encaje entre la persona y la empresa.<\/p>\n\n\n\n<br>\n\n\n\n<h2 class=\"wp-block-heading\"><strong>Derechos y obligaciones en una reducci\u00f3n de jornada laboral<\/strong><\/h2>\n\n\n\n<p><strong>Los derechos y obligaciones en una reducci\u00f3n de jornada laboral<\/strong> son un aspecto clave para tener en cuenta antes de solicitarla o aceptarla. Reducir el tiempo de trabajo no solo implica un ajuste horario, sino tambi\u00e9n una adaptaci\u00f3n de las condiciones laborales, de la organizaci\u00f3n del trabajo y de las responsabilidades de ambas partes.<\/p>\n\n\n\n<p>Conocer bien los derechos del trabajador y qu\u00e9 puede exigir la empresa en una reducci\u00f3n de jornada laboral permite tomar decisiones informadas, evitar conflictos y asegurar una relaci\u00f3n laboral equilibrada. Este conocimiento es especialmente importante en un contexto donde cada vez se valora m\u00e1s la conciliaci\u00f3n, la flexibilidad y una gesti\u00f3n del talento orientada al bienestar.<\/p>\n\n\n\n<br>\n\n\n\n<h3 class=\"wp-block-heading\"><strong>Derechos del trabajador<\/strong><\/h3>\n\n\n\n<p>Los <strong>derechos del trabajador<\/strong> en una reducci\u00f3n de jornada laboral incluyen, en primer lugar, el mantenimiento del v\u00ednculo contractual con la empresa y la protecci\u00f3n frente a posibles decisiones arbitrarias. Reducir la jornada no debe suponer una p\u00e9rdida de derechos laborales b\u00e1sicos ni un trato desigual respecto a otras personas del equipo.<\/p>\n\n\n\n<p>Adem\u00e1s, el empleado tiene derecho a que la reducci\u00f3n de jornada se aplique en los t\u00e9rminos acordados, con claridad en el horario, las funciones y la retribuci\u00f3n proporcional. Contar con informaci\u00f3n transparente y con un marco claro favorece la estabilidad, la conciliaci\u00f3n y una experiencia laboral m\u00e1s justa, alineada con modelos de trabajo centrados en las personas.<\/p>\n\n\n\n<br>\n\n\n\n<h3 class=\"wp-block-heading\"><strong>Qu\u00e9 puede exigir la empresa en una reducci\u00f3n de jornada<\/strong><\/h3>\n\n\n\n<p>Lo <strong>que puede exigir la empresa en una reducci\u00f3n de jornada<\/strong> est\u00e1 relacionado con garantizar la continuidad de la actividad y una organizaci\u00f3n eficiente del trabajo. La empresa puede solicitar una planificaci\u00f3n clara del horario reducido, una correcta ejecuci\u00f3n de las funciones asignadas y el cumplimiento de los objetivos vinculados al tiempo de trabajo acordado.<\/p>\n\n\n\n<p>Tambi\u00e9n es razonable que la empresa ajuste tareas, responsabilidades o turnos para adaptarse a la nueva jornada, siempre desde el respeto y la proporcionalidad. Cuando existe di\u00e1logo y un enfoque basado en la confianza, la reducci\u00f3n de jornada laboral puede convertirse en una soluci\u00f3n beneficiosa para ambas partes y en una muestra de una gesti\u00f3n del talento m\u00e1s flexible y sostenible.<\/p>\n\n\n\n<br>\n\n\n\n<h2 class=\"wp-block-heading\"><strong>Ventajas y desventajas de la reducci\u00f3n de la jornada laboral<\/strong><\/h2>\n\n\n\n<p>Las <strong>ventajas y desventajas de la reducci\u00f3n de la jornada laboral<\/strong> deben analizarse de forma equilibrada antes de tomar una decisi\u00f3n. Trabajar menos horas puede aportar mejoras claras en la calidad de vida, pero tambi\u00e9n implica cambios en las condiciones laborales que conviene valorar con perspectiva y realismo.<\/p>\n\n\n\n<p>Comprender tanto los beneficios como los aspectos a tener en cuenta de la reducci\u00f3n de la jornada laboral ayuda a tomar decisiones m\u00e1s alineadas con las necesidades personales y profesionales. No se trata solo de reducir horas, sino de encontrar un modelo de trabajo sostenible que encaje con cada etapa vital y con la forma de entender el empleo de cada empresa.<\/p>\n\n\n\n<br>\n\n\n\n<h3 class=\"wp-block-heading\"><strong>Beneficios de reducir la jornada laboral<\/strong><\/h3>\n\n\n\n<p><strong>Los beneficios de reducir la jornada laboral <\/strong>est\u00e1n estrechamente relacionados con el bienestar y la conciliaci\u00f3n. Disponer de m\u00e1s tiempo personal permite equilibrar mejor el trabajo con la vida familiar, la formaci\u00f3n o el descanso, lo que tiene un impacto positivo en la motivaci\u00f3n y en la satisfacci\u00f3n profesional.<\/p>\n\n\n\n<p>Adem\u00e1s, reducir la jornada laboral puede favorecer una mayor concentraci\u00f3n y una mejor organizaci\u00f3n del tiempo de trabajo. En muchos casos, trabajar menos horas impulsa una gesti\u00f3n m\u00e1s eficiente de las tareas y contribuye a relaciones laborales m\u00e1s saludables, donde el rendimiento no se mide solo en horas, sino en valor aportado.<\/p>\n\n\n\n<br>\n\n\n\n<h3 class=\"wp-block-heading\"><strong>Aspectos a tener en cuenta antes de solicitar una reducci\u00f3n<\/strong><\/h3>\n\n\n\n<p><strong>Los aspectos a tener en cuenta antes de solicitar una reducci\u00f3n<\/strong> <strong>de la jornada laboral<\/strong> son clave para evitar decisiones precipitadas. El primero es el impacto econ\u00f3mico, ya que la reducci\u00f3n de horas suele implicar un ajuste proporcional del salario, algo que debe analizarse con calma y previsi\u00f3n.<\/p>\n\n\n\n<p>Tambi\u00e9n es importante valorar c\u00f3mo puede afectar la reducci\u00f3n de jornada a la organizaci\u00f3n del trabajo, a las responsabilidades del puesto y a las oportunidades de desarrollo profesional. Hablarlo con la empresa, entender las alternativas disponibles y analizar el encaje a medio y largo plazo permite tomar una decisi\u00f3n m\u00e1s consciente y alineada con una gesti\u00f3n del talento equilibrada y sostenible.<\/p>\n\n\n\n<h2 class=\"wp-block-heading\"><strong>C\u00f3mo impacta la reducci\u00f3n de jornada laboral en el bienestar y la carrera profesional<\/strong><\/h2>\n\n\n\n<p><strong>El impacto de la reducci\u00f3n de jornada laboral en el bienestar y la carrera profesional<\/strong> se refleja en una mejor gesti\u00f3n del tiempo y de la energ\u00eda. Trabajar menos horas puede ayudar a reducir el estr\u00e9s, mejorar la conciliaci\u00f3n y generar una experiencia laboral m\u00e1s equilibrada y sostenible.<\/p>\n\n\n\n<p>A nivel profesional, cuando la reducci\u00f3n de jornada se integra de forma adecuada, no tiene por qu\u00e9 frenar el desarrollo ni las oportunidades de crecimiento. Cada vez m\u00e1s organizaciones entienden que ofrecer condiciones laborales flexibles forma parte de una gesti\u00f3n del talento orientada a las personas, donde el valor se mide por la aportaci\u00f3n y no solo por el n\u00famero de horas trabajadas.<\/p>\n\n\n\n<p>Desde nuestra experiencia acompa\u00f1ando a personas en distintas etapas profesionales, vemos c\u00f3mo este tipo de medidas influyen directamente en la motivaci\u00f3n y en la sostenibilidad de las carreras a largo plazo.<\/p>\n\n\n\n<br>\n\n\n\n<h2 class=\"wp-block-heading\"><strong>Qu\u00e9 tipo de empresas ofrecen mejores condiciones de jornada laboral<\/strong><\/h2>\n\n\n\n<p><strong>Las empresas que ofrecen mejores condiciones de jornada laboral<\/strong> suelen compartir una forma similar de entender el trabajo y la relaci\u00f3n con las personas. M\u00e1s all\u00e1 del sector, son organizaciones que apuestan por la flexibilidad, la conciliaci\u00f3n y una organizaci\u00f3n del tiempo orientada a resultados, no solo a la presencia.<\/p>\n\n\n\n<p>Identificar qu\u00e9 tipo de empresas ofrecen mejores condiciones de jornada laboral implica fijarse tanto en el modelo de trabajo como en la cultura interna. Factores como la flexibilidad horaria, la posibilidad de adaptar la jornada o la confianza en los equipos suelen marcar la diferencia en la experiencia laboral y en el bienestar a largo plazo.<\/p>\n\n\n\n<br>\n\n\n\n<h3 class=\"wp-block-heading\"><strong>Sectores con mayor flexibilidad de jornada<\/strong><\/h3>\n\n\n\n<p>Los <strong>sectores con mayor flexibilidad de jornada<\/strong> suelen ser aquellos donde la organizaci\u00f3n del trabajo permite mayor autonom\u00eda y planificaci\u00f3n. \u00c1mbitos como la tecnolog\u00eda, los servicios profesionales, la atenci\u00f3n al cliente, el sector administrativo o determinados entornos industriales y log\u00edsticos han avanzado en modelos m\u00e1s adaptables, incorporando jornadas reducidas, turnos flexibles o f\u00f3rmulas h\u00edbridas.<\/p>\n\n\n\n<p>En estos sectores, la flexibilidad de jornada responde tanto a la evoluci\u00f3n del mercado como a una necesidad real de atraer y fidelizar talento. La capacidad de ofrecer condiciones laborales ajustadas a las personas se ha convertido en un elemento clave dentro de una gesti\u00f3n del talento m\u00e1s moderna y competitiva.<\/p>\n\n\n\n<br>\n\n\n\n<h3 class=\"wp-block-heading\"><strong>Cultura de empresa y modelos de trabajo flexible<\/strong><\/h3>\n\n\n\n<p>La <strong>cultura de empresa y los modelos de trabajo flexible<\/strong> son determinantes a la hora de ofrecer buenas condiciones de jornada laboral. Las organizaciones que ponen a las personas en el centro suelen apostar por acuerdos basados en la confianza, la responsabilidad y el equilibrio entre vida personal y profesional.<\/p>\n\n\n\n<p>Cuando existe una cultura alineada con estos valores, la reducci\u00f3n de jornada laboral y otras medidas de flexibilidad se integran de forma natural, sin penalizar el desarrollo profesional. Este encaje cultural favorece relaciones laborales m\u00e1s estables, equipos m\u00e1s comprometidos y entornos de trabajo donde el bienestar forma parte de la estrategia de gesti\u00f3n del talento.<\/p>\n\n\n\n<br>\n\n\n\n<h2 class=\"wp-block-heading\"><strong>Encontrar un trabajo con reducci\u00f3n de jornada laboral adaptado a ti<\/strong><\/h2>\n\n\n\n<p><strong>Encontrar un trabajo con reducci\u00f3n de jornada laboral adaptado a ti<\/strong> implica mirar m\u00e1s all\u00e1 del n\u00famero de horas y analizar el conjunto de las condiciones laborales. No todas las reducciones de jornada ofrecen el mismo nivel de flexibilidad, estabilidad o posibilidades de desarrollo, por lo que es clave valorar el tipo de empresa, el sector, el modelo de trabajo y la cultura organizativa.<\/p>\n\n\n\n<p>Buscar un empleo con una jornada que encaje con tus necesidades personales y profesionales forma parte de una gesti\u00f3n del talento consciente, donde el bienestar, la conciliaci\u00f3n y el proyecto a medio plazo tienen un peso real. Contar con informaci\u00f3n clara y con acompa\u00f1amiento durante este proceso facilita encontrar oportunidades alineadas con lo que cada persona busca en esta etapa de su carrera.<\/p>\n\n\n\n<br>\n\n\n\n<h2 class=\"wp-block-heading\"><strong>En Eurofirms te ayudamos a encontrar empresas alineadas con tus condiciones laborales<\/strong><\/h2>\n\n\n\n<p><strong>En <a href=\"https:\/\/www.eurofirms.com\/pe\/es\/?utm_source=web&amp;utm_medium=blog&amp;utm_campaign=pe_jornada_laboral&amp;utm_content=pf&amp;utm_term=generic\" id=\"https:\/\/www.eurofirms.com\/pe\/es\/\" target=\"_blank\" rel=\"noreferrer noopener\">Eurofirms<\/a> ayudamos a las personas a encontrar empresas alineadas con sus condiciones laborales<\/strong>, sus expectativas y su momento vital. Entendemos que la reducci\u00f3n de la jornada laboral no es solo una cuesti\u00f3n de horas, sino de bienestar, conciliaci\u00f3n y proyecto profesional a medio y largo plazo.<\/p>\n\n\n\n<p>Desde nuestra forma de entender la gesti\u00f3n del talento, acompa\u00f1amos a cada persona para identificar qu\u00e9 tipo de jornada, empresa y entorno encajan mejor con lo que busca. Porque cuando el trabajo se adapta a las personas, el impacto es positivo tanto en su d\u00eda a d\u00eda como en su desarrollo profesional.<\/p>\n\n\n\n<br>\n\n\n\n<h3 class=\"wp-block-heading\"><strong>Te acompa\u00f1amos para encontrar el encaje profesional que buscas<\/strong><\/h3>\n\n\n\n<p>En Eurofirms <strong>te acompa\u00f1amos para encontrar el encaje profesional que buscas<\/strong>, escuchando tus necesidades y entendiendo qu\u00e9 esperas de tu pr\u00f3ximo paso laboral. No se trata solo de cubrir una vacante, sino de encontrar una oportunidad que encaje con tus condiciones, tu ritmo y tus objetivos personales y profesionales.<\/p>\n\n\n\n<p>Nuestro acompa\u00f1amiento va m\u00e1s all\u00e1 de un simple proceso de selecci\u00f3n. Analizamos el tipo de jornada, la cultura de la empresa y las posibilidades reales de conciliaci\u00f3n para ayudarte a tomar decisiones informadas y alineadas con tu bienestar y tu trayectoria.<\/p>\n\n\n\n<br>\n\n\n\n<h3 class=\"wp-block-heading\"><strong>Condiciones laborales, bienestar y desarrollo profesional<\/strong><\/h3>\n\n\n\n<p>Las <strong>condiciones laborales, el bienestar y el desarrollo profesional<\/strong> est\u00e1n estrechamente relacionados. Por eso, en Eurofirms trabajamos para <a href=\"https:\/\/www.eurofirms.com\/pe\/es\/seleccion-talento\/?utm_source=web&amp;utm_medium=blog&amp;utm_campaign=pe_jornada_laboral&amp;utm_content=pf&amp;utm_term=generic\" id=\"https:\/\/www.eurofirms.com\/pe\/es\/seleccion-talento\/\" target=\"_blank\" rel=\"noreferrer noopener\">conectar a las personas con las empresas<\/a> que ofrecen las condiciones laborales que buscan.<\/p>\n\n\n\n<p>En Eurofirms creemos que una buena gesti\u00f3n del talento pone a las personas en el centro y apuesta por relaciones laborales m\u00e1s humanas, sostenibles y alineadas con los valores de cada organizaci\u00f3n. Acompa\u00f1arte en este camino forma parte de nuestro prop\u00f3sito: ayudarte a encontrar un trabajo que encaje contigo, hoy y en el futuro.<\/p>\n\n\n\n<p><\/p>\n","protected":false},"excerpt":{"rendered":"<p>La reducci\u00f3n de la jornada laboral es una medida que permite trabajar menos horas manteniendo una relaci\u00f3n laboral activa y se ha convertido en un tema clave en el mercado laboral en Per\u00fa. Cada vez m\u00e1s personas valoran este modelo como una forma de mejorar la conciliaci\u00f3n, el bienestar y el equilibrio entre la vida [&hellip;]<\/p>\n","protected":false},"author":34,"featured_media":106383,"comment_status":"open","ping_status":"open","sticky":false,"template":"","format":"standard","meta":{"footnotes":""},"categories":[73],"tags":[],"class_list":["post-106382","post","type-post","status-publish","format-standard","has-post-thumbnail","hentry","category-noticias-eurofirms"],"acf":[],"yoast_head":"<!-- This site is optimized with the Yoast SEO plugin v27.4 - https:\/\/yoast.com\/product\/yoast-seo-wordpress\/ -->\n<title>Reducci\u00f3n de la jornada laboral: qu\u00e9 es y c\u00f3mo afecta a tu trabajo - Eurofirms Per\u00fa<\/title>\n<meta name=\"description\" content=\"Descubre qu\u00e9 es la reducci\u00f3n de la jornada laboral, c\u00f3mo funciona en Espa\u00f1a, sus tipos y c\u00f3mo encontrar un trabajo con mejores condiciones laborales.\" \/>\n<meta name=\"robots\" content=\"index, follow, max-snippet:-1, max-image-preview:large, max-video-preview:-1\" \/>\n<link rel=\"canonical\" href=\"https:\/\/www.eurofirms.com\/pe\/es\/reduccion-jordana-laboral\/\" \/>\n<meta property=\"og:locale\" content=\"es_ES\" \/>\n<meta property=\"og:type\" content=\"article\" \/>\n<meta property=\"og:title\" content=\"Reducci\u00f3n de la jornada laboral: qu\u00e9 es y c\u00f3mo afecta a tu trabajo - Eurofirms Per\u00fa\" \/>\n<meta property=\"og:description\" content=\"Descubre qu\u00e9 es la reducci\u00f3n de la jornada laboral, c\u00f3mo funciona en Espa\u00f1a, sus tipos y c\u00f3mo encontrar un trabajo con mejores condiciones laborales.\" \/>\n<meta property=\"og:url\" content=\"https:\/\/www.eurofirms.com\/pe\/es\/reduccion-jordana-laboral\/\" \/>\n<meta property=\"og:site_name\" content=\"Eurofirms Per\u00fa\" \/>\n<meta property=\"article:published_time\" content=\"2026-04-16T21:41:02+00:00\" \/>\n<meta property=\"article:modified_time\" content=\"2026-04-24T14:28:16+00:00\" \/>\n<meta property=\"og:image\" content=\"https:\/\/www.eurofirms.com\/pe\/wp-content\/uploads\/sites\/9\/2026\/04\/reduccion-jornada-laboral-Eurofirms.webp\" \/>\n\t<meta property=\"og:image:width\" content=\"1000\" \/>\n\t<meta property=\"og:image:height\" content=\"340\" \/>\n\t<meta property=\"og:image:type\" content=\"image\/webp\" \/>\n<meta name=\"author\" content=\"lalejandra\" \/>\n<meta name=\"twitter:card\" content=\"summary_large_image\" \/>\n<meta name=\"twitter:label1\" content=\"Escrito por\" \/>\n\t<meta name=\"twitter:data1\" content=\"lalejandra\" \/>\n\t<meta name=\"twitter:label2\" content=\"Tiempo de lectura\" \/>\n\t<meta name=\"twitter:data2\" content=\"13 minutos\" \/>\n<script type=\"application\/ld+json\" class=\"yoast-schema-graph\">{\"@context\":\"https:\\\/\\\/schema.org\",\"@graph\":[{\"@type\":\"Article\",\"@id\":\"https:\\\/\\\/www.eurofirms.com\\\/pe\\\/es\\\/reduccion-jordana-laboral\\\/#article\",\"isPartOf\":{\"@id\":\"https:\\\/\\\/www.eurofirms.com\\\/pe\\\/es\\\/reduccion-jordana-laboral\\\/\"},\"author\":{\"name\":\"lalejandra\",\"@id\":\"https:\\\/\\\/www.eurofirms.com\\\/pe\\\/es\\\/#\\\/schema\\\/person\\\/ccfd6e77554b0284c107fc153a5425e5\"},\"headline\":\"Reducci\u00f3n de la jornada laboral: qu\u00e9 es y c\u00f3mo afecta a tu trabajo\",\"datePublished\":\"2026-04-16T21:41:02+00:00\",\"dateModified\":\"2026-04-24T14:28:16+00:00\",\"mainEntityOfPage\":{\"@id\":\"https:\\\/\\\/www.eurofirms.com\\\/pe\\\/es\\\/reduccion-jordana-laboral\\\/\"},\"wordCount\":3025,\"commentCount\":0,\"publisher\":{\"@id\":\"https:\\\/\\\/www.eurofirms.com\\\/pe\\\/es\\\/#organization\"},\"image\":{\"@id\":\"https:\\\/\\\/www.eurofirms.com\\\/pe\\\/es\\\/reduccion-jordana-laboral\\\/#primaryimage\"},\"thumbnailUrl\":\"https:\\\/\\\/www.eurofirms.com\\\/pe\\\/wp-content\\\/uploads\\\/sites\\\/9\\\/2026\\\/04\\\/reduccion-jornada-laboral-Eurofirms.webp\",\"articleSection\":[\"Noticias Eurofirms\"],\"inLanguage\":\"es\",\"potentialAction\":[{\"@type\":\"CommentAction\",\"name\":\"Comment\",\"target\":[\"https:\\\/\\\/www.eurofirms.com\\\/pe\\\/es\\\/reduccion-jordana-laboral\\\/#respond\"]}]},{\"@type\":\"WebPage\",\"@id\":\"https:\\\/\\\/www.eurofirms.com\\\/pe\\\/es\\\/reduccion-jordana-laboral\\\/\",\"url\":\"https:\\\/\\\/www.eurofirms.com\\\/pe\\\/es\\\/reduccion-jordana-laboral\\\/\",\"name\":\"Reducci\u00f3n de la jornada laboral: qu\u00e9 es y c\u00f3mo afecta a tu trabajo - Eurofirms Per\u00fa\",\"isPartOf\":{\"@id\":\"https:\\\/\\\/www.eurofirms.com\\\/pe\\\/es\\\/#website\"},\"primaryImageOfPage\":{\"@id\":\"https:\\\/\\\/www.eurofirms.com\\\/pe\\\/es\\\/reduccion-jordana-laboral\\\/#primaryimage\"},\"image\":{\"@id\":\"https:\\\/\\\/www.eurofirms.com\\\/pe\\\/es\\\/reduccion-jordana-laboral\\\/#primaryimage\"},\"thumbnailUrl\":\"https:\\\/\\\/www.eurofirms.com\\\/pe\\\/wp-content\\\/uploads\\\/sites\\\/9\\\/2026\\\/04\\\/reduccion-jornada-laboral-Eurofirms.webp\",\"datePublished\":\"2026-04-16T21:41:02+00:00\",\"dateModified\":\"2026-04-24T14:28:16+00:00\",\"description\":\"Descubre qu\u00e9 es la reducci\u00f3n de la jornada laboral, c\u00f3mo funciona en Espa\u00f1a, sus tipos y c\u00f3mo encontrar un trabajo con mejores condiciones laborales.\",\"breadcrumb\":{\"@id\":\"https:\\\/\\\/www.eurofirms.com\\\/pe\\\/es\\\/reduccion-jordana-laboral\\\/#breadcrumb\"},\"inLanguage\":\"es\",\"potentialAction\":[{\"@type\":\"ReadAction\",\"target\":[\"https:\\\/\\\/www.eurofirms.com\\\/pe\\\/es\\\/reduccion-jordana-laboral\\\/\"]}]},{\"@type\":\"ImageObject\",\"inLanguage\":\"es\",\"@id\":\"https:\\\/\\\/www.eurofirms.com\\\/pe\\\/es\\\/reduccion-jordana-laboral\\\/#primaryimage\",\"url\":\"https:\\\/\\\/www.eurofirms.com\\\/pe\\\/wp-content\\\/uploads\\\/sites\\\/9\\\/2026\\\/04\\\/reduccion-jornada-laboral-Eurofirms.webp\",\"contentUrl\":\"https:\\\/\\\/www.eurofirms.com\\\/pe\\\/wp-content\\\/uploads\\\/sites\\\/9\\\/2026\\\/04\\\/reduccion-jornada-laboral-Eurofirms.webp\",\"width\":1000,\"height\":340},{\"@type\":\"BreadcrumbList\",\"@id\":\"https:\\\/\\\/www.eurofirms.com\\\/pe\\\/es\\\/reduccion-jordana-laboral\\\/#breadcrumb\",\"itemListElement\":[{\"@type\":\"ListItem\",\"position\":1,\"name\":\"Home\",\"item\":\"https:\\\/\\\/www.eurofirms.com\\\/pe\\\/es\\\/\"},{\"@type\":\"ListItem\",\"position\":2,\"name\":\"Reducci\u00f3n de la jornada laboral: qu\u00e9 es y c\u00f3mo afecta a tu trabajo\"}]},{\"@type\":\"WebSite\",\"@id\":\"https:\\\/\\\/www.eurofirms.com\\\/pe\\\/es\\\/#website\",\"url\":\"https:\\\/\\\/www.eurofirms.com\\\/pe\\\/es\\\/\",\"name\":\"Eurofirms Per\u00fa\",\"description\":\"Eurofirms\",\"publisher\":{\"@id\":\"https:\\\/\\\/www.eurofirms.com\\\/pe\\\/es\\\/#organization\"},\"potentialAction\":[{\"@type\":\"SearchAction\",\"target\":{\"@type\":\"EntryPoint\",\"urlTemplate\":\"https:\\\/\\\/www.eurofirms.com\\\/pe\\\/es\\\/?s={search_term_string}\"},\"query-input\":{\"@type\":\"PropertyValueSpecification\",\"valueRequired\":true,\"valueName\":\"search_term_string\"}}],\"inLanguage\":\"es\"},{\"@type\":\"Organization\",\"@id\":\"https:\\\/\\\/www.eurofirms.com\\\/pe\\\/es\\\/#organization\",\"name\":\"Eurofirms Per\u00fa\",\"url\":\"https:\\\/\\\/www.eurofirms.com\\\/pe\\\/es\\\/\",\"logo\":{\"@type\":\"ImageObject\",\"inLanguage\":\"es\",\"@id\":\"https:\\\/\\\/www.eurofirms.com\\\/pe\\\/es\\\/#\\\/schema\\\/logo\\\/image\\\/\",\"url\":\"https:\\\/\\\/www.eurofirms.com\\\/pe\\\/wp-content\\\/uploads\\\/sites\\\/9\\\/2025\\\/02\\\/Eurofirms-logo.svg\",\"contentUrl\":\"https:\\\/\\\/www.eurofirms.com\\\/pe\\\/wp-content\\\/uploads\\\/sites\\\/9\\\/2025\\\/02\\\/Eurofirms-logo.svg\",\"width\":130,\"height\":38,\"caption\":\"Eurofirms Per\u00fa\"},\"image\":{\"@id\":\"https:\\\/\\\/www.eurofirms.com\\\/pe\\\/es\\\/#\\\/schema\\\/logo\\\/image\\\/\"}},{\"@type\":\"Person\",\"@id\":\"https:\\\/\\\/www.eurofirms.com\\\/pe\\\/es\\\/#\\\/schema\\\/person\\\/ccfd6e77554b0284c107fc153a5425e5\",\"name\":\"lalejandra\",\"image\":{\"@type\":\"ImageObject\",\"inLanguage\":\"es\",\"@id\":\"https:\\\/\\\/secure.gravatar.com\\\/avatar\\\/6b806b08d0ea85ec409bfd3c9821d78fd8759431b999d9543a2121ef0c045c19?s=96&d=mm&r=g\",\"url\":\"https:\\\/\\\/secure.gravatar.com\\\/avatar\\\/6b806b08d0ea85ec409bfd3c9821d78fd8759431b999d9543a2121ef0c045c19?s=96&d=mm&r=g\",\"contentUrl\":\"https:\\\/\\\/secure.gravatar.com\\\/avatar\\\/6b806b08d0ea85ec409bfd3c9821d78fd8759431b999d9543a2121ef0c045c19?s=96&d=mm&r=g\",\"caption\":\"lalejandra\"},\"url\":\"https:\\\/\\\/www.eurofirms.com\\\/pe\\\/es\\\/author\\\/lalejandra\\\/\"}]}<\/script>\n<!-- \/ Yoast SEO plugin. -->","yoast_head_json":{"title":"Reducci\u00f3n de la jornada laboral: qu\u00e9 es y c\u00f3mo afecta a tu trabajo - Eurofirms Per\u00fa","description":"Descubre qu\u00e9 es la reducci\u00f3n de la jornada laboral, c\u00f3mo funciona en Espa\u00f1a, sus tipos y c\u00f3mo encontrar un trabajo con mejores condiciones laborales.","robots":{"index":"index","follow":"follow","max-snippet":"max-snippet:-1","max-image-preview":"max-image-preview:large","max-video-preview":"max-video-preview:-1"},"canonical":"https:\/\/www.eurofirms.com\/pe\/es\/reduccion-jordana-laboral\/","og_locale":"es_ES","og_type":"article","og_title":"Reducci\u00f3n de la jornada laboral: qu\u00e9 es y c\u00f3mo afecta a tu trabajo - Eurofirms Per\u00fa","og_description":"Descubre qu\u00e9 es la reducci\u00f3n de la jornada laboral, c\u00f3mo funciona en Espa\u00f1a, sus tipos y c\u00f3mo encontrar un trabajo con mejores condiciones laborales.","og_url":"https:\/\/www.eurofirms.com\/pe\/es\/reduccion-jordana-laboral\/","og_site_name":"Eurofirms Per\u00fa","article_published_time":"2026-04-16T21:41:02+00:00","article_modified_time":"2026-04-24T14:28:16+00:00","og_image":[{"width":1000,"height":340,"url":"https:\/\/www.eurofirms.com\/pe\/wp-content\/uploads\/sites\/9\/2026\/04\/reduccion-jornada-laboral-Eurofirms.webp","type":"image\/webp"}],"author":"lalejandra","twitter_card":"summary_large_image","twitter_misc":{"Escrito por":"lalejandra","Tiempo de lectura":"13 minutos"},"schema":{"@context":"https:\/\/schema.org","@graph":[{"@type":"Article","@id":"https:\/\/www.eurofirms.com\/pe\/es\/reduccion-jordana-laboral\/#article","isPartOf":{"@id":"https:\/\/www.eurofirms.com\/pe\/es\/reduccion-jordana-laboral\/"},"author":{"name":"lalejandra","@id":"https:\/\/www.eurofirms.com\/pe\/es\/#\/schema\/person\/ccfd6e77554b0284c107fc153a5425e5"},"headline":"Reducci\u00f3n de la jornada laboral: qu\u00e9 es y c\u00f3mo afecta a tu trabajo","datePublished":"2026-04-16T21:41:02+00:00","dateModified":"2026-04-24T14:28:16+00:00","mainEntityOfPage":{"@id":"https:\/\/www.eurofirms.com\/pe\/es\/reduccion-jordana-laboral\/"},"wordCount":3025,"commentCount":0,"publisher":{"@id":"https:\/\/www.eurofirms.com\/pe\/es\/#organization"},"image":{"@id":"https:\/\/www.eurofirms.com\/pe\/es\/reduccion-jordana-laboral\/#primaryimage"},"thumbnailUrl":"https:\/\/www.eurofirms.com\/pe\/wp-content\/uploads\/sites\/9\/2026\/04\/reduccion-jornada-laboral-Eurofirms.webp","articleSection":["Noticias Eurofirms"],"inLanguage":"es","potentialAction":[{"@type":"CommentAction","name":"Comment","target":["https:\/\/www.eurofirms.com\/pe\/es\/reduccion-jordana-laboral\/#respond"]}]},{"@type":"WebPage","@id":"https:\/\/www.eurofirms.com\/pe\/es\/reduccion-jordana-laboral\/","url":"https:\/\/www.eurofirms.com\/pe\/es\/reduccion-jordana-laboral\/","name":"Reducci\u00f3n de la jornada laboral: qu\u00e9 es y c\u00f3mo afecta a tu trabajo - Eurofirms Per\u00fa","isPartOf":{"@id":"https:\/\/www.eurofirms.com\/pe\/es\/#website"},"primaryImageOfPage":{"@id":"https:\/\/www.eurofirms.com\/pe\/es\/reduccion-jordana-laboral\/#primaryimage"},"image":{"@id":"https:\/\/www.eurofirms.com\/pe\/es\/reduccion-jordana-laboral\/#primaryimage"},"thumbnailUrl":"https:\/\/www.eurofirms.com\/pe\/wp-content\/uploads\/sites\/9\/2026\/04\/reduccion-jornada-laboral-Eurofirms.webp","datePublished":"2026-04-16T21:41:02+00:00","dateModified":"2026-04-24T14:28:16+00:00","description":"Descubre qu\u00e9 es la reducci\u00f3n de la jornada laboral, c\u00f3mo funciona en Espa\u00f1a, sus tipos y c\u00f3mo encontrar un trabajo con mejores condiciones laborales.","breadcrumb":{"@id":"https:\/\/www.eurofirms.com\/pe\/es\/reduccion-jordana-laboral\/#breadcrumb"},"inLanguage":"es","potentialAction":[{"@type":"ReadAction","target":["https:\/\/www.eurofirms.com\/pe\/es\/reduccion-jordana-laboral\/"]}]},{"@type":"ImageObject","inLanguage":"es","@id":"https:\/\/www.eurofirms.com\/pe\/es\/reduccion-jordana-laboral\/#primaryimage","url":"https:\/\/www.eurofirms.com\/pe\/wp-content\/uploads\/sites\/9\/2026\/04\/reduccion-jornada-laboral-Eurofirms.webp","contentUrl":"https:\/\/www.eurofirms.com\/pe\/wp-content\/uploads\/sites\/9\/2026\/04\/reduccion-jornada-laboral-Eurofirms.webp","width":1000,"height":340},{"@type":"BreadcrumbList","@id":"https:\/\/www.eurofirms.com\/pe\/es\/reduccion-jordana-laboral\/#breadcrumb","itemListElement":[{"@type":"ListItem","position":1,"name":"Home","item":"https:\/\/www.eurofirms.com\/pe\/es\/"},{"@type":"ListItem","position":2,"name":"Reducci\u00f3n de la jornada laboral: qu\u00e9 es y c\u00f3mo afecta a tu trabajo"}]},{"@type":"WebSite","@id":"https:\/\/www.eurofirms.com\/pe\/es\/#website","url":"https:\/\/www.eurofirms.com\/pe\/es\/","name":"Eurofirms Per\u00fa","description":"Eurofirms","publisher":{"@id":"https:\/\/www.eurofirms.com\/pe\/es\/#organization"},"potentialAction":[{"@type":"SearchAction","target":{"@type":"EntryPoint","urlTemplate":"https:\/\/www.eurofirms.com\/pe\/es\/?s={search_term_string}"},"query-input":{"@type":"PropertyValueSpecification","valueRequired":true,"valueName":"search_term_string"}}],"inLanguage":"es"},{"@type":"Organization","@id":"https:\/\/www.eurofirms.com\/pe\/es\/#organization","name":"Eurofirms Per\u00fa","url":"https:\/\/www.eurofirms.com\/pe\/es\/","logo":{"@type":"ImageObject","inLanguage":"es","@id":"https:\/\/www.eurofirms.com\/pe\/es\/#\/schema\/logo\/image\/","url":"https:\/\/www.eurofirms.com\/pe\/wp-content\/uploads\/sites\/9\/2025\/02\/Eurofirms-logo.svg","contentUrl":"https:\/\/www.eurofirms.com\/pe\/wp-content\/uploads\/sites\/9\/2025\/02\/Eurofirms-logo.svg","width":130,"height":38,"caption":"Eurofirms Per\u00fa"},"image":{"@id":"https:\/\/www.eurofirms.com\/pe\/es\/#\/schema\/logo\/image\/"}},{"@type":"Person","@id":"https:\/\/www.eurofirms.com\/pe\/es\/#\/schema\/person\/ccfd6e77554b0284c107fc153a5425e5","name":"lalejandra","image":{"@type":"ImageObject","inLanguage":"es","@id":"https:\/\/secure.gravatar.com\/avatar\/6b806b08d0ea85ec409bfd3c9821d78fd8759431b999d9543a2121ef0c045c19?s=96&d=mm&r=g","url":"https:\/\/secure.gravatar.com\/avatar\/6b806b08d0ea85ec409bfd3c9821d78fd8759431b999d9543a2121ef0c045c19?s=96&d=mm&r=g","contentUrl":"https:\/\/secure.gravatar.com\/avatar\/6b806b08d0ea85ec409bfd3c9821d78fd8759431b999d9543a2121ef0c045c19?s=96&d=mm&r=g","caption":"lalejandra"},"url":"https:\/\/www.eurofirms.com\/pe\/es\/author\/lalejandra\/"}]}},"_links":{"self":[{"href":"https:\/\/www.eurofirms.com\/pe\/es\/wp-json\/wp\/v2\/posts\/106382","targetHints":{"allow":["GET"]}}],"collection":[{"href":"https:\/\/www.eurofirms.com\/pe\/es\/wp-json\/wp\/v2\/posts"}],"about":[{"href":"https:\/\/www.eurofirms.com\/pe\/es\/wp-json\/wp\/v2\/types\/post"}],"author":[{"embeddable":true,"href":"https:\/\/www.eurofirms.com\/pe\/es\/wp-json\/wp\/v2\/users\/34"}],"replies":[{"embeddable":true,"href":"https:\/\/www.eurofirms.com\/pe\/es\/wp-json\/wp\/v2\/comments?post=106382"}],"version-history":[{"count":3,"href":"https:\/\/www.eurofirms.com\/pe\/es\/wp-json\/wp\/v2\/posts\/106382\/revisions"}],"predecessor-version":[{"id":106411,"href":"https:\/\/www.eurofirms.com\/pe\/es\/wp-json\/wp\/v2\/posts\/106382\/revisions\/106411"}],"wp:featuredmedia":[{"embeddable":true,"href":"https:\/\/www.eurofirms.com\/pe\/es\/wp-json\/wp\/v2\/media\/106383"}],"wp:attachment":[{"href":"https:\/\/www.eurofirms.com\/pe\/es\/wp-json\/wp\/v2\/media?parent=106382"}],"wp:term":[{"taxonomy":"category","embeddable":true,"href":"https:\/\/www.eurofirms.com\/pe\/es\/wp-json\/wp\/v2\/categories?post=106382"},{"taxonomy":"post_tag","embeddable":true,"href":"https:\/\/www.eurofirms.com\/pe\/es\/wp-json\/wp\/v2\/tags?post=106382"}],"curies":[{"name":"wp","href":"https:\/\/api.w.org\/{rel}","templated":true}]}}