{"id":32501,"date":"2017-10-16T15:50:25","date_gmt":"2017-10-16T14:50:25","guid":{"rendered":"https:\/\/www.eurofirms.com\/es\/eurofirms-radiografia-employee-branding-empresas-espana-2017\/"},"modified":"2025-07-29T15:54:12","modified_gmt":"2025-07-29T13:54:12","slug":"eurofirms-presenta-la-radiografia-de-lemployee-branding-a-les-empreses-despanya","status":"publish","type":"post","link":"https:\/\/www.eurofirms.com\/es\/ca\/eurofirms-presenta-la-radiografia-de-lemployee-branding-a-les-empreses-despanya\/","title":{"rendered":"Eurofirms presenta la radiografia de l\u2019Employee Branding a les empreses d\u2019Espanya"},"content":{"rendered":"\n<p>Descarrega l&#8217;informe <a href=\"https:\/\/www.eurofirmsgroup.com\/estudios\/radiografia-del-employee-branding-2018\/\" target=\"_blank\" rel=\"noopener\">aqu\u00ed<\/a><\/p>\n\n\n\n<ul class=\"wp-block-list\">\n<li><h5>L\u2019informe \u00e9s un reflex de la realitat i la tend\u00e8ncia de les empreses espanyoles a l\u2019hora d\u2019aplicar l\u2019Employee Branding. <\/h5><\/li>\n\n\n\n<li><h5>El 78% de les empreses estan a les xarxes socials i professionals, per\u00f2 nom\u00e9s el 20% inverteixen en formaci\u00f3 en mat\u00e8ria de xarxes socials.&nbsp;<\/h5><\/li>\n\n\n\n<li><h5>L\u2019Employee Branding \u00e9s important per prop del 70% de les empreses, per\u00f2 nom\u00e9s un 16% han desenvolupat un pla espec\u00edfic.<\/h5><\/li>\n<\/ul>\n\n\n\n<p>Eurofirms, primera empresa espanyola de Recursos Humans, ha presentat avui a Barcelona l\u2019informe&nbsp;<strong>\u201dRadiografia de l\u2019Employee Branding a les empreses d\u2019Espanya \u2013&nbsp; Octubre 2017\u201d<\/strong>, en base a un estudi realitzat a 425 empreses espanyoles.<\/p>\n\n\n\n<p>L\u2019informe \u00e9s&nbsp;<strong>un reflex de l\u2019Employee Branding a Espanya, que mostra la realitat i la tend\u00e8ncia de les e<\/strong><strong>mpreses a l\u2019hora d\u2019aplicar aquest m\u00e8tode de comunicaci\u00f3 de la marca i els valors de l\u2019organitzaci\u00f3<\/strong>, aconseguint empleats alineats amb la cultura d\u2019empresa que actuaran com a ambaixadors de la marca.<\/p>\n\n\n\n<figure class=\"wp-block-image\"><img decoding=\"async\" src=\"https:\/\/www.eurofirms.com\/es\/wp-content\/uploads\/sites\/2\/2025\/04\/Informe_employeebranding_eurofirms_Recursoshumanos_presentacion-1024x412.jpg\" alt=\"\" class=\"wp-image-4417\" \/><\/figure>\n\n\n\n<p><\/p>\n\n\n\n<h4 class=\"wp-block-heading\">&nbsp;<\/h4>\n\n\n\n<h3 class=\"wp-block-heading\">Un 78% de les empreses t\u00e9 pres\u00e8ncia a les xarxes socials i professionals<\/h3>\n\n\n\n<p>Segons l\u2019estudi, un 78% de les empreses asseguren disposar d\u2019un o m\u00e9s perfils corporatius a les principals xarxes socials i professionals, per\u00f2 d\u2019aquestes&nbsp;<strong>nom\u00e9s un 20% ofereixen formaci\u00f3 als seus empleats en mat\u00e8ria de xarxes<\/strong>.<\/p>\n\n\n\n<p>En la mateixa l\u00ednia, prop del&nbsp;<strong>70% de les empreses consideren que l\u2019Employee Branding \u00e9s important<\/strong>, per\u00f2 nom\u00e9s un 16% han desenvolupat un pla espec\u00edfic.<\/p>\n\n\n\n<p><\/p>\n","protected":false},"excerpt":{"rendered":"<p>L\u2019informe \u00e9s un reflex de la realitat i la tend\u00e8ncia de les empreses espanyoles a l\u2019hora d\u2019aplicar l\u2019Employee Branding.<\/p>\n","protected":false},"author":2,"featured_media":32019,"comment_status":"open","ping_status":"closed","sticky":false,"template":"","format":"standard","meta":{"footnotes":""},"categories":[80],"tags":[],"class_list":["post-32501","post","type-post","status-publish","format-standard","has-post-thumbnail","hentry","category-noticies-eurofirms"],"yoast_head":"<!-- This site is optimized with the Yoast SEO plugin v27.4 - https:\/\/yoast.com\/product\/yoast-seo-wordpress\/ -->\n<title>Eurofirms presenta la radiograf\u00eda del Employee Branding<\/title>\n<meta name=\"description\" content=\"Eurofirms, primera empresa espa\u00f1ola de Recursos Humanos, ha presentado hoy en Barcelona el informe \u201cRadiograf\u00eda del Employee Branding en las empresas de Espa\u00f1a -\u00a0 Octubre 2017\u201d, en base a un estudio realizado a 425 empresas espa\u00f1olas.\" \/>\n<meta name=\"robots\" content=\"index, follow, max-snippet:-1, max-image-preview:large, max-video-preview:-1\" \/>\n<link rel=\"canonical\" href=\"https:\/\/www.eurofirms.com\/es\/ca\/eurofirms-presenta-la-radiografia-de-lemployee-branding-a-les-empreses-despanya\/\" \/>\n<meta property=\"og:locale\" content=\"ca_ES\" \/>\n<meta property=\"og:type\" content=\"article\" \/>\n<meta property=\"og:title\" content=\"Eurofirms presenta la radiograf\u00eda del Employee Branding\" \/>\n<meta property=\"og:description\" content=\"Eurofirms, primera empresa espa\u00f1ola de Recursos Humanos, ha presentado hoy en Barcelona el informe \u201cRadiograf\u00eda del Employee Branding en las empresas de Espa\u00f1a -\u00a0 Octubre 2017\u201d, en base a un estudio realizado a 425 empresas espa\u00f1olas.\" \/>\n<meta property=\"og:url\" content=\"https:\/\/www.eurofirms.com\/es\/ca\/eurofirms-presenta-la-radiografia-de-lemployee-branding-a-les-empreses-despanya\/\" \/>\n<meta property=\"og:site_name\" content=\"Eurofirms\" \/>\n<meta property=\"article:published_time\" content=\"2017-10-16T14:50:25+00:00\" \/>\n<meta property=\"article:modified_time\" content=\"2025-07-29T13:54:12+00:00\" \/>\n<meta name=\"author\" content=\"euroadmin\" \/>\n<meta name=\"twitter:card\" content=\"summary_large_image\" \/>\n<meta name=\"twitter:image\" content=\"https:\/\/www.eurofirms.es\/wp-content\/uploads\/2017\/10\/Informe_employeebranding_eurofirms_Recursoshumanos.jpg\" \/>\n<meta name=\"twitter:label1\" content=\"Escrit per\" \/>\n\t<meta name=\"twitter:data1\" content=\"euroadmin\" \/>\n\t<meta name=\"twitter:label2\" content=\"Temps estimat de lectura\" \/>\n\t<meta name=\"twitter:data2\" content=\"2 minuts\" \/>\n<script type=\"application\/ld+json\" class=\"yoast-schema-graph\">{\"@context\":\"https:\\\/\\\/schema.org\",\"@graph\":[{\"@type\":\"Article\",\"@id\":\"https:\\\/\\\/www.eurofirms.com\\\/es\\\/ca\\\/eurofirms-presenta-la-radiografia-de-lemployee-branding-a-les-empreses-despanya\\\/#article\",\"isPartOf\":{\"@id\":\"https:\\\/\\\/www.eurofirms.com\\\/es\\\/ca\\\/eurofirms-presenta-la-radiografia-de-lemployee-branding-a-les-empreses-despanya\\\/\"},\"author\":{\"name\":\"euroadmin\",\"@id\":\"https:\\\/\\\/www.eurofirms.com\\\/es\\\/ca\\\/#\\\/schema\\\/person\\\/3856d2b823f1dbc87f5309a8b175289e\"},\"headline\":\"Eurofirms presenta la radiografia de l\u2019Employee Branding a les empreses d\u2019Espanya\",\"datePublished\":\"2017-10-16T14:50:25+00:00\",\"dateModified\":\"2025-07-29T13:54:12+00:00\",\"mainEntityOfPage\":{\"@id\":\"https:\\\/\\\/www.eurofirms.com\\\/es\\\/ca\\\/eurofirms-presenta-la-radiografia-de-lemployee-branding-a-les-empreses-despanya\\\/\"},\"wordCount\":264,\"commentCount\":0,\"publisher\":{\"@id\":\"https:\\\/\\\/www.eurofirms.com\\\/es\\\/ca\\\/#organization\"},\"image\":{\"@id\":\"https:\\\/\\\/www.eurofirms.com\\\/es\\\/ca\\\/eurofirms-presenta-la-radiografia-de-lemployee-branding-a-les-empreses-despanya\\\/#primaryimage\"},\"thumbnailUrl\":\"https:\\\/\\\/www.eurofirms.com\\\/es\\\/wp-content\\\/uploads\\\/sites\\\/2\\\/2017\\\/10\\\/employee-branding2018.png\",\"articleSection\":[\"Not\u00edcies Eurofirms\"],\"inLanguage\":\"ca\",\"potentialAction\":[{\"@type\":\"CommentAction\",\"name\":\"Comment\",\"target\":[\"https:\\\/\\\/www.eurofirms.com\\\/es\\\/ca\\\/eurofirms-presenta-la-radiografia-de-lemployee-branding-a-les-empreses-despanya\\\/#respond\"]}]},{\"@type\":\"WebPage\",\"@id\":\"https:\\\/\\\/www.eurofirms.com\\\/es\\\/ca\\\/eurofirms-presenta-la-radiografia-de-lemployee-branding-a-les-empreses-despanya\\\/\",\"url\":\"https:\\\/\\\/www.eurofirms.com\\\/es\\\/ca\\\/eurofirms-presenta-la-radiografia-de-lemployee-branding-a-les-empreses-despanya\\\/\",\"name\":\"Eurofirms presenta la radiograf\u00eda del Employee Branding\",\"isPartOf\":{\"@id\":\"https:\\\/\\\/www.eurofirms.com\\\/es\\\/ca\\\/#website\"},\"primaryImageOfPage\":{\"@id\":\"https:\\\/\\\/www.eurofirms.com\\\/es\\\/ca\\\/eurofirms-presenta-la-radiografia-de-lemployee-branding-a-les-empreses-despanya\\\/#primaryimage\"},\"image\":{\"@id\":\"https:\\\/\\\/www.eurofirms.com\\\/es\\\/ca\\\/eurofirms-presenta-la-radiografia-de-lemployee-branding-a-les-empreses-despanya\\\/#primaryimage\"},\"thumbnailUrl\":\"https:\\\/\\\/www.eurofirms.com\\\/es\\\/wp-content\\\/uploads\\\/sites\\\/2\\\/2017\\\/10\\\/employee-branding2018.png\",\"datePublished\":\"2017-10-16T14:50:25+00:00\",\"dateModified\":\"2025-07-29T13:54:12+00:00\",\"description\":\"Eurofirms, primera empresa espa\u00f1ola de Recursos Humanos, ha presentado hoy en Barcelona el informe \u201cRadiograf\u00eda del Employee Branding en las empresas de Espa\u00f1a -\u00a0 Octubre 2017\u201d, en base a un estudio realizado a 425 empresas espa\u00f1olas.\",\"breadcrumb\":{\"@id\":\"https:\\\/\\\/www.eurofirms.com\\\/es\\\/ca\\\/eurofirms-presenta-la-radiografia-de-lemployee-branding-a-les-empreses-despanya\\\/#breadcrumb\"},\"inLanguage\":\"ca\",\"potentialAction\":[{\"@type\":\"ReadAction\",\"target\":[\"https:\\\/\\\/www.eurofirms.com\\\/es\\\/ca\\\/eurofirms-presenta-la-radiografia-de-lemployee-branding-a-les-empreses-despanya\\\/\"]}]},{\"@type\":\"ImageObject\",\"inLanguage\":\"ca\",\"@id\":\"https:\\\/\\\/www.eurofirms.com\\\/es\\\/ca\\\/eurofirms-presenta-la-radiografia-de-lemployee-branding-a-les-empreses-despanya\\\/#primaryimage\",\"url\":\"https:\\\/\\\/www.eurofirms.com\\\/es\\\/wp-content\\\/uploads\\\/sites\\\/2\\\/2017\\\/10\\\/employee-branding2018.png\",\"contentUrl\":\"https:\\\/\\\/www.eurofirms.com\\\/es\\\/wp-content\\\/uploads\\\/sites\\\/2\\\/2017\\\/10\\\/employee-branding2018.png\",\"width\":1200,\"height\":550},{\"@type\":\"BreadcrumbList\",\"@id\":\"https:\\\/\\\/www.eurofirms.com\\\/es\\\/ca\\\/eurofirms-presenta-la-radiografia-de-lemployee-branding-a-les-empreses-despanya\\\/#breadcrumb\",\"itemListElement\":[{\"@type\":\"ListItem\",\"position\":1,\"name\":\"Home\",\"item\":\"https:\\\/\\\/www.eurofirms.com\\\/es\\\/ca\\\/\"},{\"@type\":\"ListItem\",\"position\":2,\"name\":\"Eurofirms presenta la radiografia de l\u2019Employee Branding a les empreses d\u2019Espanya\"}]},{\"@type\":\"WebSite\",\"@id\":\"https:\\\/\\\/www.eurofirms.com\\\/es\\\/ca\\\/#website\",\"url\":\"https:\\\/\\\/www.eurofirms.com\\\/es\\\/ca\\\/\",\"name\":\"Eurofirms\",\"description\":\"Eurofirms\",\"publisher\":{\"@id\":\"https:\\\/\\\/www.eurofirms.com\\\/es\\\/ca\\\/#organization\"},\"potentialAction\":[{\"@type\":\"SearchAction\",\"target\":{\"@type\":\"EntryPoint\",\"urlTemplate\":\"https:\\\/\\\/www.eurofirms.com\\\/es\\\/ca\\\/?s={search_term_string}\"},\"query-input\":{\"@type\":\"PropertyValueSpecification\",\"valueRequired\":true,\"valueName\":\"search_term_string\"}}],\"inLanguage\":\"ca\"},{\"@type\":\"Organization\",\"@id\":\"https:\\\/\\\/www.eurofirms.com\\\/es\\\/ca\\\/#organization\",\"name\":\"Eurofirms\",\"url\":\"https:\\\/\\\/www.eurofirms.com\\\/es\\\/ca\\\/\",\"logo\":{\"@type\":\"ImageObject\",\"inLanguage\":\"ca\",\"@id\":\"https:\\\/\\\/www.eurofirms.com\\\/es\\\/ca\\\/#\\\/schema\\\/logo\\\/image\\\/\",\"url\":\"https:\\\/\\\/www.eurofirms.com\\\/es\\\/wp-content\\\/uploads\\\/sites\\\/2\\\/2025\\\/02\\\/logo-eurofirms-people-first.webp\",\"contentUrl\":\"https:\\\/\\\/www.eurofirms.com\\\/es\\\/wp-content\\\/uploads\\\/sites\\\/2\\\/2025\\\/02\\\/logo-eurofirms-people-first.webp\",\"width\":130,\"height\":38,\"caption\":\"Eurofirms\"},\"image\":{\"@id\":\"https:\\\/\\\/www.eurofirms.com\\\/es\\\/ca\\\/#\\\/schema\\\/logo\\\/image\\\/\"}},{\"@type\":\"Person\",\"@id\":\"https:\\\/\\\/www.eurofirms.com\\\/es\\\/ca\\\/#\\\/schema\\\/person\\\/3856d2b823f1dbc87f5309a8b175289e\",\"name\":\"euroadmin\",\"image\":{\"@type\":\"ImageObject\",\"inLanguage\":\"ca\",\"@id\":\"https:\\\/\\\/secure.gravatar.com\\\/avatar\\\/955ea54c6b5c157f2b4b711790997303a7a61f4da16f62145953df9d58783d8f?s=96&d=mm&r=g\",\"url\":\"https:\\\/\\\/secure.gravatar.com\\\/avatar\\\/955ea54c6b5c157f2b4b711790997303a7a61f4da16f62145953df9d58783d8f?s=96&d=mm&r=g\",\"contentUrl\":\"https:\\\/\\\/secure.gravatar.com\\\/avatar\\\/955ea54c6b5c157f2b4b711790997303a7a61f4da16f62145953df9d58783d8f?s=96&d=mm&r=g\",\"caption\":\"euroadmin\"}}]}<\/script>\n<!-- \/ Yoast SEO plugin. -->","yoast_head_json":{"title":"Eurofirms presenta la radiograf\u00eda del Employee Branding","description":"Eurofirms, primera empresa espa\u00f1ola de Recursos Humanos, ha presentado hoy en Barcelona el informe \u201cRadiograf\u00eda del Employee Branding en las empresas de Espa\u00f1a -\u00a0 Octubre 2017\u201d, en base a un estudio realizado a 425 empresas espa\u00f1olas.","robots":{"index":"index","follow":"follow","max-snippet":"max-snippet:-1","max-image-preview":"max-image-preview:large","max-video-preview":"max-video-preview:-1"},"canonical":"https:\/\/www.eurofirms.com\/es\/ca\/eurofirms-presenta-la-radiografia-de-lemployee-branding-a-les-empreses-despanya\/","og_locale":"ca_ES","og_type":"article","og_title":"Eurofirms presenta la radiograf\u00eda del Employee Branding","og_description":"Eurofirms, primera empresa espa\u00f1ola de Recursos Humanos, ha presentado hoy en Barcelona el informe \u201cRadiograf\u00eda del Employee Branding en las empresas de Espa\u00f1a -\u00a0 Octubre 2017\u201d, en base a un estudio realizado a 425 empresas espa\u00f1olas.","og_url":"https:\/\/www.eurofirms.com\/es\/ca\/eurofirms-presenta-la-radiografia-de-lemployee-branding-a-les-empreses-despanya\/","og_site_name":"Eurofirms","article_published_time":"2017-10-16T14:50:25+00:00","article_modified_time":"2025-07-29T13:54:12+00:00","author":"euroadmin","twitter_card":"summary_large_image","twitter_image":"https:\/\/www.eurofirms.es\/wp-content\/uploads\/2017\/10\/Informe_employeebranding_eurofirms_Recursoshumanos.jpg","twitter_misc":{"Escrit per":"euroadmin","Temps estimat de lectura":"2 minuts"},"schema":{"@context":"https:\/\/schema.org","@graph":[{"@type":"Article","@id":"https:\/\/www.eurofirms.com\/es\/ca\/eurofirms-presenta-la-radiografia-de-lemployee-branding-a-les-empreses-despanya\/#article","isPartOf":{"@id":"https:\/\/www.eurofirms.com\/es\/ca\/eurofirms-presenta-la-radiografia-de-lemployee-branding-a-les-empreses-despanya\/"},"author":{"name":"euroadmin","@id":"https:\/\/www.eurofirms.com\/es\/ca\/#\/schema\/person\/3856d2b823f1dbc87f5309a8b175289e"},"headline":"Eurofirms presenta la radiografia de l\u2019Employee Branding a les empreses d\u2019Espanya","datePublished":"2017-10-16T14:50:25+00:00","dateModified":"2025-07-29T13:54:12+00:00","mainEntityOfPage":{"@id":"https:\/\/www.eurofirms.com\/es\/ca\/eurofirms-presenta-la-radiografia-de-lemployee-branding-a-les-empreses-despanya\/"},"wordCount":264,"commentCount":0,"publisher":{"@id":"https:\/\/www.eurofirms.com\/es\/ca\/#organization"},"image":{"@id":"https:\/\/www.eurofirms.com\/es\/ca\/eurofirms-presenta-la-radiografia-de-lemployee-branding-a-les-empreses-despanya\/#primaryimage"},"thumbnailUrl":"https:\/\/www.eurofirms.com\/es\/wp-content\/uploads\/sites\/2\/2017\/10\/employee-branding2018.png","articleSection":["Not\u00edcies Eurofirms"],"inLanguage":"ca","potentialAction":[{"@type":"CommentAction","name":"Comment","target":["https:\/\/www.eurofirms.com\/es\/ca\/eurofirms-presenta-la-radiografia-de-lemployee-branding-a-les-empreses-despanya\/#respond"]}]},{"@type":"WebPage","@id":"https:\/\/www.eurofirms.com\/es\/ca\/eurofirms-presenta-la-radiografia-de-lemployee-branding-a-les-empreses-despanya\/","url":"https:\/\/www.eurofirms.com\/es\/ca\/eurofirms-presenta-la-radiografia-de-lemployee-branding-a-les-empreses-despanya\/","name":"Eurofirms presenta la radiograf\u00eda del Employee Branding","isPartOf":{"@id":"https:\/\/www.eurofirms.com\/es\/ca\/#website"},"primaryImageOfPage":{"@id":"https:\/\/www.eurofirms.com\/es\/ca\/eurofirms-presenta-la-radiografia-de-lemployee-branding-a-les-empreses-despanya\/#primaryimage"},"image":{"@id":"https:\/\/www.eurofirms.com\/es\/ca\/eurofirms-presenta-la-radiografia-de-lemployee-branding-a-les-empreses-despanya\/#primaryimage"},"thumbnailUrl":"https:\/\/www.eurofirms.com\/es\/wp-content\/uploads\/sites\/2\/2017\/10\/employee-branding2018.png","datePublished":"2017-10-16T14:50:25+00:00","dateModified":"2025-07-29T13:54:12+00:00","description":"Eurofirms, primera empresa espa\u00f1ola de Recursos Humanos, ha presentado hoy en Barcelona el informe \u201cRadiograf\u00eda del Employee Branding en las empresas de Espa\u00f1a -\u00a0 Octubre 2017\u201d, en base a un estudio realizado a 425 empresas espa\u00f1olas.","breadcrumb":{"@id":"https:\/\/www.eurofirms.com\/es\/ca\/eurofirms-presenta-la-radiografia-de-lemployee-branding-a-les-empreses-despanya\/#breadcrumb"},"inLanguage":"ca","potentialAction":[{"@type":"ReadAction","target":["https:\/\/www.eurofirms.com\/es\/ca\/eurofirms-presenta-la-radiografia-de-lemployee-branding-a-les-empreses-despanya\/"]}]},{"@type":"ImageObject","inLanguage":"ca","@id":"https:\/\/www.eurofirms.com\/es\/ca\/eurofirms-presenta-la-radiografia-de-lemployee-branding-a-les-empreses-despanya\/#primaryimage","url":"https:\/\/www.eurofirms.com\/es\/wp-content\/uploads\/sites\/2\/2017\/10\/employee-branding2018.png","contentUrl":"https:\/\/www.eurofirms.com\/es\/wp-content\/uploads\/sites\/2\/2017\/10\/employee-branding2018.png","width":1200,"height":550},{"@type":"BreadcrumbList","@id":"https:\/\/www.eurofirms.com\/es\/ca\/eurofirms-presenta-la-radiografia-de-lemployee-branding-a-les-empreses-despanya\/#breadcrumb","itemListElement":[{"@type":"ListItem","position":1,"name":"Home","item":"https:\/\/www.eurofirms.com\/es\/ca\/"},{"@type":"ListItem","position":2,"name":"Eurofirms presenta la radiografia de l\u2019Employee Branding a les empreses d\u2019Espanya"}]},{"@type":"WebSite","@id":"https:\/\/www.eurofirms.com\/es\/ca\/#website","url":"https:\/\/www.eurofirms.com\/es\/ca\/","name":"Eurofirms","description":"Eurofirms","publisher":{"@id":"https:\/\/www.eurofirms.com\/es\/ca\/#organization"},"potentialAction":[{"@type":"SearchAction","target":{"@type":"EntryPoint","urlTemplate":"https:\/\/www.eurofirms.com\/es\/ca\/?s={search_term_string}"},"query-input":{"@type":"PropertyValueSpecification","valueRequired":true,"valueName":"search_term_string"}}],"inLanguage":"ca"},{"@type":"Organization","@id":"https:\/\/www.eurofirms.com\/es\/ca\/#organization","name":"Eurofirms","url":"https:\/\/www.eurofirms.com\/es\/ca\/","logo":{"@type":"ImageObject","inLanguage":"ca","@id":"https:\/\/www.eurofirms.com\/es\/ca\/#\/schema\/logo\/image\/","url":"https:\/\/www.eurofirms.com\/es\/wp-content\/uploads\/sites\/2\/2025\/02\/logo-eurofirms-people-first.webp","contentUrl":"https:\/\/www.eurofirms.com\/es\/wp-content\/uploads\/sites\/2\/2025\/02\/logo-eurofirms-people-first.webp","width":130,"height":38,"caption":"Eurofirms"},"image":{"@id":"https:\/\/www.eurofirms.com\/es\/ca\/#\/schema\/logo\/image\/"}},{"@type":"Person","@id":"https:\/\/www.eurofirms.com\/es\/ca\/#\/schema\/person\/3856d2b823f1dbc87f5309a8b175289e","name":"euroadmin","image":{"@type":"ImageObject","inLanguage":"ca","@id":"https:\/\/secure.gravatar.com\/avatar\/955ea54c6b5c157f2b4b711790997303a7a61f4da16f62145953df9d58783d8f?s=96&d=mm&r=g","url":"https:\/\/secure.gravatar.com\/avatar\/955ea54c6b5c157f2b4b711790997303a7a61f4da16f62145953df9d58783d8f?s=96&d=mm&r=g","contentUrl":"https:\/\/secure.gravatar.com\/avatar\/955ea54c6b5c157f2b4b711790997303a7a61f4da16f62145953df9d58783d8f?s=96&d=mm&r=g","caption":"euroadmin"}}]}},"_links":{"self":[{"href":"https:\/\/www.eurofirms.com\/es\/ca\/wp-json\/wp\/v2\/posts\/32501","targetHints":{"allow":["GET"]}}],"collection":[{"href":"https:\/\/www.eurofirms.com\/es\/ca\/wp-json\/wp\/v2\/posts"}],"about":[{"href":"https:\/\/www.eurofirms.com\/es\/ca\/wp-json\/wp\/v2\/types\/post"}],"author":[{"embeddable":true,"href":"https:\/\/www.eurofirms.com\/es\/ca\/wp-json\/wp\/v2\/users\/2"}],"replies":[{"embeddable":true,"href":"https:\/\/www.eurofirms.com\/es\/ca\/wp-json\/wp\/v2\/comments?post=32501"}],"version-history":[{"count":0,"href":"https:\/\/www.eurofirms.com\/es\/ca\/wp-json\/wp\/v2\/posts\/32501\/revisions"}],"wp:featuredmedia":[{"embeddable":true,"href":"https:\/\/www.eurofirms.com\/es\/ca\/wp-json\/wp\/v2\/media\/32019"}],"wp:attachment":[{"href":"https:\/\/www.eurofirms.com\/es\/ca\/wp-json\/wp\/v2\/media?parent=32501"}],"wp:term":[{"taxonomy":"category","embeddable":true,"href":"https:\/\/www.eurofirms.com\/es\/ca\/wp-json\/wp\/v2\/categories?post=32501"},{"taxonomy":"post_tag","embeddable":true,"href":"https:\/\/www.eurofirms.com\/es\/ca\/wp-json\/wp\/v2\/tags?post=32501"}],"curies":[{"name":"wp","href":"https:\/\/api.w.org\/{rel}","templated":true}]}}