{"id":32477,"date":"2017-11-27T13:15:44","date_gmt":"2017-11-27T12:15:44","guid":{"rendered":"https:\/\/www.eurofirms.com\/es\/eurofirms-entrega-un-premio-al-proyecto-el-jardin-de-todos-los-ninos-el-carrilet-en-la-noche-del-voluntariado\/"},"modified":"2025-07-29T15:54:31","modified_gmt":"2025-07-29T13:54:31","slug":"eurofirms-lliura-un-premi-al-projecte-el-jardi-de-tots-els-nens-el-carrilet-a-la-nit-del-voluntariat","status":"publish","type":"post","link":"https:\/\/www.eurofirms.com\/es\/ca\/eurofirms-lliura-un-premi-al-projecte-el-jardi-de-tots-els-nens-el-carrilet-a-la-nit-del-voluntariat\/","title":{"rendered":"Eurofirms lliura un premi al projecte \u201cEl jard\u00ed de tots els nens. El Carrilet\u201d a la Nit del Voluntariat"},"content":{"rendered":"<p>El 24 de novembre es va celebrar La Nit del Voluntariat a Girona, una celebraci\u00f3 que reuneix a totes les entitats de voluntariat i els voluntaris de la prov\u00edncia. La directora de\u00a0<strong>Fundaci\u00f3 Eurofirms, Maria Jord\u00e0, va ser l\u2019encarregada de lliurar el Premi Eurofirms al projecte guanyador, que portava per t\u00edtol \u201cEl jard\u00ed de tots els nens. El Carrilet\u201d.<\/strong>\u00a0\u00a0El premi consisteix en 1.500\u20ac que l\u2019entitat guanyadora, la Fundaci\u00f3 Montilivi (Grup Fundaci\u00f3 Ramon Noguera), podr\u00e0 destinar al desenvolupament del seu projecte.<\/p>\n<p>La iniciativa del projecte premiat \u201cEl Carrilet\u201d pret\u00e9n cobrir la necessitat\u00a0<strong>d\u2019escolaritzar als nens i nenes de 0 i 3 anys amb discapacitat de la zona de Girona<\/strong>, amb l\u2019objectiu de crear places espec\u00edfiques en un context de guarderia p\u00fablica ordin\u00e0ria, posant en funcionament una unitat especialitzada d\u2019atenci\u00f3 inclusiva amb els recursos humans i materials necessaris. Actualment, el jard\u00ed d\u2019inf\u00e0ncia El Carrilet, situat a Salt, ja est\u00e0 realitzant l\u2019acolliment de 5 nens amb discapacitat, per\u00f2 el projecte contempla poder\u00a0<strong>augmentar el nombre de places a m\u00e9s nens i nenes.<\/strong><\/p>\n<p><strong>La Nit del Voluntariat<\/strong><\/p>\n<p>En el context de la 12\u00aa Nit del Voluntariat de Girona, que reuneix a voluntaris i entitats de la zona per compartir els seus projectes d\u2019ajuda social, s\u2019han atorgat un total tres premis:<\/p>\n<ul>\n<li><strong>Premi Fundaci\u00f3 Antoni Serra Santamans<\/strong>\u00a0al projecte d\u2019una entitat social de les comarques de Girona.<\/li>\n<li><strong>Premi Eurofirms<\/strong>\u00a0al projecte d\u2019una entitat social que treballi en l\u2019\u00e0mbit de la discapacitat funcional.<\/li>\n<li><strong>Premi Festival Strenes\u00a0<\/strong>a un projecte d\u2019una entitat social de la ciutat de Girona.<\/li>\n<\/ul>\n<p>El Premi F. Antoni Serra Santamans va ser pel projecte \u201cGrup de teatre Endavant\u201d de la AECC-Catalunya contra el c\u00e0ncer. El Premi Festival Strenes va ser pel projecte \u201cPis Amic\u201d de la Fundaci\u00f3 ASTRID-21.<\/p>\n<p>La Nit del Voluntariat, que va comptar amb diverses presentacions i actuacions, va acabar amb un sopar bufet que va permetre a tots els assistents compartir les seves experi\u00e8ncies de voluntariat.<\/p>\n","protected":false},"excerpt":{"rendered":"<p>La directora de\u00a0Fundaci\u00f3 Eurofirms, Maria Jord\u00e0, va ser l\u2019encarregada de lliurar el Premi Eurofirms al projecte guanyador, que portava per t\u00edtol \u201cEl jard\u00ed de tots els nens. El Carrilet\u201d.<\/p>\n","protected":false},"author":2,"featured_media":31492,"comment_status":"open","ping_status":"closed","sticky":false,"template":"","format":"standard","meta":{"footnotes":""},"categories":[80],"tags":[],"class_list":["post-32477","post","type-post","status-publish","format-standard","has-post-thumbnail","hentry","category-noticies-eurofirms"],"yoast_head":"<!-- This site is optimized with the Yoast SEO plugin v27.4 - https:\/\/yoast.com\/product\/yoast-seo-wordpress\/ -->\n<title>Eurofirms entrega un premio al proyecto \u201cEl jard\u00edn de todos los ni\u00f1os. El Carrilet\u201d<\/title>\n<meta name=\"description\" content=\"El 24 de noviembre se celebr\u00f3 La Noche del Voluntariado en Girona, una celebraci\u00f3n que re\u00fane a todas las entidades de voluntariado y los voluntarios de la provincia.\" \/>\n<meta name=\"robots\" content=\"index, follow, max-snippet:-1, max-image-preview:large, max-video-preview:-1\" \/>\n<link rel=\"canonical\" href=\"https:\/\/www.eurofirms.com\/es\/ca\/eurofirms-lliura-un-premi-al-projecte-el-jardi-de-tots-els-nens-el-carrilet-a-la-nit-del-voluntariat\/\" \/>\n<meta property=\"og:locale\" content=\"ca_ES\" \/>\n<meta property=\"og:type\" content=\"article\" \/>\n<meta property=\"og:title\" content=\"Eurofirms entrega un premio al proyecto \u201cEl jard\u00edn de todos los ni\u00f1os. El Carrilet\u201d\" \/>\n<meta property=\"og:description\" content=\"El 24 de noviembre se celebr\u00f3 La Noche del Voluntariado en Girona, una celebraci\u00f3n que re\u00fane a todas las entidades de voluntariado y los voluntarios de la provincia.\" \/>\n<meta property=\"og:url\" content=\"https:\/\/www.eurofirms.com\/es\/ca\/eurofirms-lliura-un-premi-al-projecte-el-jardi-de-tots-els-nens-el-carrilet-a-la-nit-del-voluntariat\/\" \/>\n<meta property=\"og:site_name\" content=\"Eurofirms\" \/>\n<meta property=\"article:published_time\" content=\"2017-11-27T12:15:44+00:00\" \/>\n<meta property=\"article:modified_time\" content=\"2025-07-29T13:54:31+00:00\" \/>\n<meta name=\"author\" content=\"euroadmin\" \/>\n<meta name=\"twitter:card\" content=\"summary_large_image\" \/>\n<meta name=\"twitter:image\" content=\"https:\/\/www.eurofirms.es\/wp-content\/uploads\/2017\/11\/20171124_224914.jpg\" \/>\n<meta name=\"twitter:label1\" content=\"Escrit per\" \/>\n\t<meta name=\"twitter:data1\" content=\"euroadmin\" \/>\n\t<meta name=\"twitter:label2\" content=\"Temps estimat de lectura\" \/>\n\t<meta name=\"twitter:data2\" content=\"2 minuts\" \/>\n<script type=\"application\/ld+json\" class=\"yoast-schema-graph\">{\"@context\":\"https:\\\/\\\/schema.org\",\"@graph\":[{\"@type\":\"Article\",\"@id\":\"https:\\\/\\\/www.eurofirms.com\\\/es\\\/ca\\\/eurofirms-lliura-un-premi-al-projecte-el-jardi-de-tots-els-nens-el-carrilet-a-la-nit-del-voluntariat\\\/#article\",\"isPartOf\":{\"@id\":\"https:\\\/\\\/www.eurofirms.com\\\/es\\\/ca\\\/eurofirms-lliura-un-premi-al-projecte-el-jardi-de-tots-els-nens-el-carrilet-a-la-nit-del-voluntariat\\\/\"},\"author\":{\"name\":\"euroadmin\",\"@id\":\"https:\\\/\\\/www.eurofirms.com\\\/es\\\/ca\\\/#\\\/schema\\\/person\\\/3856d2b823f1dbc87f5309a8b175289e\"},\"headline\":\"Eurofirms lliura un premi al projecte \u201cEl jard\u00ed de tots els nens. El Carrilet\u201d a la Nit del Voluntariat\",\"datePublished\":\"2017-11-27T12:15:44+00:00\",\"dateModified\":\"2025-07-29T13:54:31+00:00\",\"mainEntityOfPage\":{\"@id\":\"https:\\\/\\\/www.eurofirms.com\\\/es\\\/ca\\\/eurofirms-lliura-un-premi-al-projecte-el-jardi-de-tots-els-nens-el-carrilet-a-la-nit-del-voluntariat\\\/\"},\"wordCount\":352,\"commentCount\":0,\"publisher\":{\"@id\":\"https:\\\/\\\/www.eurofirms.com\\\/es\\\/ca\\\/#organization\"},\"image\":{\"@id\":\"https:\\\/\\\/www.eurofirms.com\\\/es\\\/ca\\\/eurofirms-lliura-un-premi-al-projecte-el-jardi-de-tots-els-nens-el-carrilet-a-la-nit-del-voluntariat\\\/#primaryimage\"},\"thumbnailUrl\":\"https:\\\/\\\/www.eurofirms.com\\\/es\\\/wp-content\\\/uploads\\\/sites\\\/2\\\/2017\\\/12\\\/Oficina_Hospitalet.jpg\",\"articleSection\":[\"Not\u00edcies Eurofirms\"],\"inLanguage\":\"ca\",\"potentialAction\":[{\"@type\":\"CommentAction\",\"name\":\"Comment\",\"target\":[\"https:\\\/\\\/www.eurofirms.com\\\/es\\\/ca\\\/eurofirms-lliura-un-premi-al-projecte-el-jardi-de-tots-els-nens-el-carrilet-a-la-nit-del-voluntariat\\\/#respond\"]}]},{\"@type\":\"WebPage\",\"@id\":\"https:\\\/\\\/www.eurofirms.com\\\/es\\\/ca\\\/eurofirms-lliura-un-premi-al-projecte-el-jardi-de-tots-els-nens-el-carrilet-a-la-nit-del-voluntariat\\\/\",\"url\":\"https:\\\/\\\/www.eurofirms.com\\\/es\\\/ca\\\/eurofirms-lliura-un-premi-al-projecte-el-jardi-de-tots-els-nens-el-carrilet-a-la-nit-del-voluntariat\\\/\",\"name\":\"Eurofirms entrega un premio al proyecto \u201cEl jard\u00edn de todos los ni\u00f1os. El Carrilet\u201d\",\"isPartOf\":{\"@id\":\"https:\\\/\\\/www.eurofirms.com\\\/es\\\/ca\\\/#website\"},\"primaryImageOfPage\":{\"@id\":\"https:\\\/\\\/www.eurofirms.com\\\/es\\\/ca\\\/eurofirms-lliura-un-premi-al-projecte-el-jardi-de-tots-els-nens-el-carrilet-a-la-nit-del-voluntariat\\\/#primaryimage\"},\"image\":{\"@id\":\"https:\\\/\\\/www.eurofirms.com\\\/es\\\/ca\\\/eurofirms-lliura-un-premi-al-projecte-el-jardi-de-tots-els-nens-el-carrilet-a-la-nit-del-voluntariat\\\/#primaryimage\"},\"thumbnailUrl\":\"https:\\\/\\\/www.eurofirms.com\\\/es\\\/wp-content\\\/uploads\\\/sites\\\/2\\\/2017\\\/12\\\/Oficina_Hospitalet.jpg\",\"datePublished\":\"2017-11-27T12:15:44+00:00\",\"dateModified\":\"2025-07-29T13:54:31+00:00\",\"description\":\"El 24 de noviembre se celebr\u00f3 La Noche del Voluntariado en Girona, una celebraci\u00f3n que re\u00fane a todas las entidades de voluntariado y los voluntarios de la provincia.\",\"breadcrumb\":{\"@id\":\"https:\\\/\\\/www.eurofirms.com\\\/es\\\/ca\\\/eurofirms-lliura-un-premi-al-projecte-el-jardi-de-tots-els-nens-el-carrilet-a-la-nit-del-voluntariat\\\/#breadcrumb\"},\"inLanguage\":\"ca\",\"potentialAction\":[{\"@type\":\"ReadAction\",\"target\":[\"https:\\\/\\\/www.eurofirms.com\\\/es\\\/ca\\\/eurofirms-lliura-un-premi-al-projecte-el-jardi-de-tots-els-nens-el-carrilet-a-la-nit-del-voluntariat\\\/\"]}]},{\"@type\":\"ImageObject\",\"inLanguage\":\"ca\",\"@id\":\"https:\\\/\\\/www.eurofirms.com\\\/es\\\/ca\\\/eurofirms-lliura-un-premi-al-projecte-el-jardi-de-tots-els-nens-el-carrilet-a-la-nit-del-voluntariat\\\/#primaryimage\",\"url\":\"https:\\\/\\\/www.eurofirms.com\\\/es\\\/wp-content\\\/uploads\\\/sites\\\/2\\\/2017\\\/12\\\/Oficina_Hospitalet.jpg\",\"contentUrl\":\"https:\\\/\\\/www.eurofirms.com\\\/es\\\/wp-content\\\/uploads\\\/sites\\\/2\\\/2017\\\/12\\\/Oficina_Hospitalet.jpg\",\"width\":1569,\"height\":1023},{\"@type\":\"BreadcrumbList\",\"@id\":\"https:\\\/\\\/www.eurofirms.com\\\/es\\\/ca\\\/eurofirms-lliura-un-premi-al-projecte-el-jardi-de-tots-els-nens-el-carrilet-a-la-nit-del-voluntariat\\\/#breadcrumb\",\"itemListElement\":[{\"@type\":\"ListItem\",\"position\":1,\"name\":\"Home\",\"item\":\"https:\\\/\\\/www.eurofirms.com\\\/es\\\/ca\\\/\"},{\"@type\":\"ListItem\",\"position\":2,\"name\":\"Eurofirms lliura un premi al projecte \u201cEl jard\u00ed de tots els nens. El Carrilet\u201d a la Nit del Voluntariat\"}]},{\"@type\":\"WebSite\",\"@id\":\"https:\\\/\\\/www.eurofirms.com\\\/es\\\/ca\\\/#website\",\"url\":\"https:\\\/\\\/www.eurofirms.com\\\/es\\\/ca\\\/\",\"name\":\"Eurofirms\",\"description\":\"Eurofirms\",\"publisher\":{\"@id\":\"https:\\\/\\\/www.eurofirms.com\\\/es\\\/ca\\\/#organization\"},\"potentialAction\":[{\"@type\":\"SearchAction\",\"target\":{\"@type\":\"EntryPoint\",\"urlTemplate\":\"https:\\\/\\\/www.eurofirms.com\\\/es\\\/ca\\\/?s={search_term_string}\"},\"query-input\":{\"@type\":\"PropertyValueSpecification\",\"valueRequired\":true,\"valueName\":\"search_term_string\"}}],\"inLanguage\":\"ca\"},{\"@type\":\"Organization\",\"@id\":\"https:\\\/\\\/www.eurofirms.com\\\/es\\\/ca\\\/#organization\",\"name\":\"Eurofirms\",\"url\":\"https:\\\/\\\/www.eurofirms.com\\\/es\\\/ca\\\/\",\"logo\":{\"@type\":\"ImageObject\",\"inLanguage\":\"ca\",\"@id\":\"https:\\\/\\\/www.eurofirms.com\\\/es\\\/ca\\\/#\\\/schema\\\/logo\\\/image\\\/\",\"url\":\"https:\\\/\\\/www.eurofirms.com\\\/es\\\/wp-content\\\/uploads\\\/sites\\\/2\\\/2025\\\/02\\\/logo-eurofirms-people-first.webp\",\"contentUrl\":\"https:\\\/\\\/www.eurofirms.com\\\/es\\\/wp-content\\\/uploads\\\/sites\\\/2\\\/2025\\\/02\\\/logo-eurofirms-people-first.webp\",\"width\":130,\"height\":38,\"caption\":\"Eurofirms\"},\"image\":{\"@id\":\"https:\\\/\\\/www.eurofirms.com\\\/es\\\/ca\\\/#\\\/schema\\\/logo\\\/image\\\/\"}},{\"@type\":\"Person\",\"@id\":\"https:\\\/\\\/www.eurofirms.com\\\/es\\\/ca\\\/#\\\/schema\\\/person\\\/3856d2b823f1dbc87f5309a8b175289e\",\"name\":\"euroadmin\",\"image\":{\"@type\":\"ImageObject\",\"inLanguage\":\"ca\",\"@id\":\"https:\\\/\\\/secure.gravatar.com\\\/avatar\\\/955ea54c6b5c157f2b4b711790997303a7a61f4da16f62145953df9d58783d8f?s=96&d=mm&r=g\",\"url\":\"https:\\\/\\\/secure.gravatar.com\\\/avatar\\\/955ea54c6b5c157f2b4b711790997303a7a61f4da16f62145953df9d58783d8f?s=96&d=mm&r=g\",\"contentUrl\":\"https:\\\/\\\/secure.gravatar.com\\\/avatar\\\/955ea54c6b5c157f2b4b711790997303a7a61f4da16f62145953df9d58783d8f?s=96&d=mm&r=g\",\"caption\":\"euroadmin\"}}]}<\/script>\n<!-- \/ Yoast SEO plugin. -->","yoast_head_json":{"title":"Eurofirms entrega un premio al proyecto \u201cEl jard\u00edn de todos los ni\u00f1os. El Carrilet\u201d","description":"El 24 de noviembre se celebr\u00f3 La Noche del Voluntariado en Girona, una celebraci\u00f3n que re\u00fane a todas las entidades de voluntariado y los voluntarios de la provincia.","robots":{"index":"index","follow":"follow","max-snippet":"max-snippet:-1","max-image-preview":"max-image-preview:large","max-video-preview":"max-video-preview:-1"},"canonical":"https:\/\/www.eurofirms.com\/es\/ca\/eurofirms-lliura-un-premi-al-projecte-el-jardi-de-tots-els-nens-el-carrilet-a-la-nit-del-voluntariat\/","og_locale":"ca_ES","og_type":"article","og_title":"Eurofirms entrega un premio al proyecto \u201cEl jard\u00edn de todos los ni\u00f1os. El Carrilet\u201d","og_description":"El 24 de noviembre se celebr\u00f3 La Noche del Voluntariado en Girona, una celebraci\u00f3n que re\u00fane a todas las entidades de voluntariado y los voluntarios de la provincia.","og_url":"https:\/\/www.eurofirms.com\/es\/ca\/eurofirms-lliura-un-premi-al-projecte-el-jardi-de-tots-els-nens-el-carrilet-a-la-nit-del-voluntariat\/","og_site_name":"Eurofirms","article_published_time":"2017-11-27T12:15:44+00:00","article_modified_time":"2025-07-29T13:54:31+00:00","author":"euroadmin","twitter_card":"summary_large_image","twitter_image":"https:\/\/www.eurofirms.es\/wp-content\/uploads\/2017\/11\/20171124_224914.jpg","twitter_misc":{"Escrit per":"euroadmin","Temps estimat de lectura":"2 minuts"},"schema":{"@context":"https:\/\/schema.org","@graph":[{"@type":"Article","@id":"https:\/\/www.eurofirms.com\/es\/ca\/eurofirms-lliura-un-premi-al-projecte-el-jardi-de-tots-els-nens-el-carrilet-a-la-nit-del-voluntariat\/#article","isPartOf":{"@id":"https:\/\/www.eurofirms.com\/es\/ca\/eurofirms-lliura-un-premi-al-projecte-el-jardi-de-tots-els-nens-el-carrilet-a-la-nit-del-voluntariat\/"},"author":{"name":"euroadmin","@id":"https:\/\/www.eurofirms.com\/es\/ca\/#\/schema\/person\/3856d2b823f1dbc87f5309a8b175289e"},"headline":"Eurofirms lliura un premi al projecte \u201cEl jard\u00ed de tots els nens. El Carrilet\u201d a la Nit del Voluntariat","datePublished":"2017-11-27T12:15:44+00:00","dateModified":"2025-07-29T13:54:31+00:00","mainEntityOfPage":{"@id":"https:\/\/www.eurofirms.com\/es\/ca\/eurofirms-lliura-un-premi-al-projecte-el-jardi-de-tots-els-nens-el-carrilet-a-la-nit-del-voluntariat\/"},"wordCount":352,"commentCount":0,"publisher":{"@id":"https:\/\/www.eurofirms.com\/es\/ca\/#organization"},"image":{"@id":"https:\/\/www.eurofirms.com\/es\/ca\/eurofirms-lliura-un-premi-al-projecte-el-jardi-de-tots-els-nens-el-carrilet-a-la-nit-del-voluntariat\/#primaryimage"},"thumbnailUrl":"https:\/\/www.eurofirms.com\/es\/wp-content\/uploads\/sites\/2\/2017\/12\/Oficina_Hospitalet.jpg","articleSection":["Not\u00edcies Eurofirms"],"inLanguage":"ca","potentialAction":[{"@type":"CommentAction","name":"Comment","target":["https:\/\/www.eurofirms.com\/es\/ca\/eurofirms-lliura-un-premi-al-projecte-el-jardi-de-tots-els-nens-el-carrilet-a-la-nit-del-voluntariat\/#respond"]}]},{"@type":"WebPage","@id":"https:\/\/www.eurofirms.com\/es\/ca\/eurofirms-lliura-un-premi-al-projecte-el-jardi-de-tots-els-nens-el-carrilet-a-la-nit-del-voluntariat\/","url":"https:\/\/www.eurofirms.com\/es\/ca\/eurofirms-lliura-un-premi-al-projecte-el-jardi-de-tots-els-nens-el-carrilet-a-la-nit-del-voluntariat\/","name":"Eurofirms entrega un premio al proyecto \u201cEl jard\u00edn de todos los ni\u00f1os. El Carrilet\u201d","isPartOf":{"@id":"https:\/\/www.eurofirms.com\/es\/ca\/#website"},"primaryImageOfPage":{"@id":"https:\/\/www.eurofirms.com\/es\/ca\/eurofirms-lliura-un-premi-al-projecte-el-jardi-de-tots-els-nens-el-carrilet-a-la-nit-del-voluntariat\/#primaryimage"},"image":{"@id":"https:\/\/www.eurofirms.com\/es\/ca\/eurofirms-lliura-un-premi-al-projecte-el-jardi-de-tots-els-nens-el-carrilet-a-la-nit-del-voluntariat\/#primaryimage"},"thumbnailUrl":"https:\/\/www.eurofirms.com\/es\/wp-content\/uploads\/sites\/2\/2017\/12\/Oficina_Hospitalet.jpg","datePublished":"2017-11-27T12:15:44+00:00","dateModified":"2025-07-29T13:54:31+00:00","description":"El 24 de noviembre se celebr\u00f3 La Noche del Voluntariado en Girona, una celebraci\u00f3n que re\u00fane a todas las entidades de voluntariado y los voluntarios de la provincia.","breadcrumb":{"@id":"https:\/\/www.eurofirms.com\/es\/ca\/eurofirms-lliura-un-premi-al-projecte-el-jardi-de-tots-els-nens-el-carrilet-a-la-nit-del-voluntariat\/#breadcrumb"},"inLanguage":"ca","potentialAction":[{"@type":"ReadAction","target":["https:\/\/www.eurofirms.com\/es\/ca\/eurofirms-lliura-un-premi-al-projecte-el-jardi-de-tots-els-nens-el-carrilet-a-la-nit-del-voluntariat\/"]}]},{"@type":"ImageObject","inLanguage":"ca","@id":"https:\/\/www.eurofirms.com\/es\/ca\/eurofirms-lliura-un-premi-al-projecte-el-jardi-de-tots-els-nens-el-carrilet-a-la-nit-del-voluntariat\/#primaryimage","url":"https:\/\/www.eurofirms.com\/es\/wp-content\/uploads\/sites\/2\/2017\/12\/Oficina_Hospitalet.jpg","contentUrl":"https:\/\/www.eurofirms.com\/es\/wp-content\/uploads\/sites\/2\/2017\/12\/Oficina_Hospitalet.jpg","width":1569,"height":1023},{"@type":"BreadcrumbList","@id":"https:\/\/www.eurofirms.com\/es\/ca\/eurofirms-lliura-un-premi-al-projecte-el-jardi-de-tots-els-nens-el-carrilet-a-la-nit-del-voluntariat\/#breadcrumb","itemListElement":[{"@type":"ListItem","position":1,"name":"Home","item":"https:\/\/www.eurofirms.com\/es\/ca\/"},{"@type":"ListItem","position":2,"name":"Eurofirms lliura un premi al projecte \u201cEl jard\u00ed de tots els nens. El Carrilet\u201d a la Nit del Voluntariat"}]},{"@type":"WebSite","@id":"https:\/\/www.eurofirms.com\/es\/ca\/#website","url":"https:\/\/www.eurofirms.com\/es\/ca\/","name":"Eurofirms","description":"Eurofirms","publisher":{"@id":"https:\/\/www.eurofirms.com\/es\/ca\/#organization"},"potentialAction":[{"@type":"SearchAction","target":{"@type":"EntryPoint","urlTemplate":"https:\/\/www.eurofirms.com\/es\/ca\/?s={search_term_string}"},"query-input":{"@type":"PropertyValueSpecification","valueRequired":true,"valueName":"search_term_string"}}],"inLanguage":"ca"},{"@type":"Organization","@id":"https:\/\/www.eurofirms.com\/es\/ca\/#organization","name":"Eurofirms","url":"https:\/\/www.eurofirms.com\/es\/ca\/","logo":{"@type":"ImageObject","inLanguage":"ca","@id":"https:\/\/www.eurofirms.com\/es\/ca\/#\/schema\/logo\/image\/","url":"https:\/\/www.eurofirms.com\/es\/wp-content\/uploads\/sites\/2\/2025\/02\/logo-eurofirms-people-first.webp","contentUrl":"https:\/\/www.eurofirms.com\/es\/wp-content\/uploads\/sites\/2\/2025\/02\/logo-eurofirms-people-first.webp","width":130,"height":38,"caption":"Eurofirms"},"image":{"@id":"https:\/\/www.eurofirms.com\/es\/ca\/#\/schema\/logo\/image\/"}},{"@type":"Person","@id":"https:\/\/www.eurofirms.com\/es\/ca\/#\/schema\/person\/3856d2b823f1dbc87f5309a8b175289e","name":"euroadmin","image":{"@type":"ImageObject","inLanguage":"ca","@id":"https:\/\/secure.gravatar.com\/avatar\/955ea54c6b5c157f2b4b711790997303a7a61f4da16f62145953df9d58783d8f?s=96&d=mm&r=g","url":"https:\/\/secure.gravatar.com\/avatar\/955ea54c6b5c157f2b4b711790997303a7a61f4da16f62145953df9d58783d8f?s=96&d=mm&r=g","contentUrl":"https:\/\/secure.gravatar.com\/avatar\/955ea54c6b5c157f2b4b711790997303a7a61f4da16f62145953df9d58783d8f?s=96&d=mm&r=g","caption":"euroadmin"}}]}},"_links":{"self":[{"href":"https:\/\/www.eurofirms.com\/es\/ca\/wp-json\/wp\/v2\/posts\/32477","targetHints":{"allow":["GET"]}}],"collection":[{"href":"https:\/\/www.eurofirms.com\/es\/ca\/wp-json\/wp\/v2\/posts"}],"about":[{"href":"https:\/\/www.eurofirms.com\/es\/ca\/wp-json\/wp\/v2\/types\/post"}],"author":[{"embeddable":true,"href":"https:\/\/www.eurofirms.com\/es\/ca\/wp-json\/wp\/v2\/users\/2"}],"replies":[{"embeddable":true,"href":"https:\/\/www.eurofirms.com\/es\/ca\/wp-json\/wp\/v2\/comments?post=32477"}],"version-history":[{"count":0,"href":"https:\/\/www.eurofirms.com\/es\/ca\/wp-json\/wp\/v2\/posts\/32477\/revisions"}],"wp:featuredmedia":[{"embeddable":true,"href":"https:\/\/www.eurofirms.com\/es\/ca\/wp-json\/wp\/v2\/media\/31492"}],"wp:attachment":[{"href":"https:\/\/www.eurofirms.com\/es\/ca\/wp-json\/wp\/v2\/media?parent=32477"}],"wp:term":[{"taxonomy":"category","embeddable":true,"href":"https:\/\/www.eurofirms.com\/es\/ca\/wp-json\/wp\/v2\/categories?post=32477"},{"taxonomy":"post_tag","embeddable":true,"href":"https:\/\/www.eurofirms.com\/es\/ca\/wp-json\/wp\/v2\/tags?post=32477"}],"curies":[{"name":"wp","href":"https:\/\/api.w.org\/{rel}","templated":true}]}}