{"id":117593,"date":"2026-09-01T14:06:55","date_gmt":"2026-09-01T12:06:55","guid":{"rendered":"https:\/\/www.eurofirms.com\/es\/?p=117593"},"modified":"2026-09-01T17:59:09","modified_gmt":"2026-09-01T15:59:09","slug":"anna-golsa-el-problema-del-mercat-laboral-no-es-la-falta-de-talent-sino-lencaix","status":"publish","type":"post","link":"https:\/\/www.eurofirms.com\/es\/ca\/anna-golsa-el-problema-del-mercat-laboral-no-es-la-falta-de-talent-sino-lencaix\/","title":{"rendered":"Anna Golsa: &#8220;El problema del mercat laboral no \u00e9s la falta de talent, sin\u00f3 l\u2019encaix.&#8221;"},"content":{"rendered":"\t\t<div data-elementor-type=\"wp-post\" data-elementor-id=\"117593\" class=\"elementor elementor-117593 elementor-117592\" data-elementor-post-type=\"post\">\n\t\t\t\t<div class=\"elementor-element elementor-element-6d1b3dc e-flex e-con-boxed e-con e-parent\" data-id=\"6d1b3dc\" data-element_type=\"container\" data-e-type=\"container\" data-settings=\"{&quot;jet_parallax_layout_list&quot;:[]}\">\n\t\t\t\t\t<div class=\"e-con-inner\">\n\t\t<div class=\"elementor-element elementor-element-d718c9c e-con-full e-flex e-con e-child\" data-id=\"d718c9c\" data-element_type=\"container\" data-e-type=\"container\" data-settings=\"{&quot;jet_parallax_layout_list&quot;:[]}\">\n\t\t\t\t<div class=\"elementor-element elementor-element-33ce6d2 elementor-widget elementor-widget-text-editor\" data-id=\"33ce6d2\" data-element_type=\"widget\" data-e-type=\"widget\" data-widget_type=\"text-editor.default\">\n\t\t\t\t<div class=\"elementor-widget-container\">\n\t\t\t\t\t\t\t\t\t<p><strong>Anna Golsa, CEO d\u2019Eurofirms Group<\/strong>, comparteix en una entrevista per a <em>El Mundo<\/em> la nostra visi\u00f3 sobre un dels principals desafiaments del mercat laboral actual: el veritable repte no \u00e9s la manca de talent, sin\u00f3 trobar l\u2019encaix adequat entre persones i empreses.<\/p><p>En un context on m\u00e9s de 150.000 vacants sense cobrir conviuen amb una taxa d\u2019atur superior al 10%, destaca que el talent existeix, per\u00f2 que les organitzacions han de ser capaces de connectar millor amb les persones. Una reflexi\u00f3 que resumeix <a href=\"https:\/\/www.eurofirms.com\/es\/ca\/sobre-nosaltres\/people-first\/?utm_source=web&#038;utm_medium=blog&#038;utm_campaign=es_anna_golsa_el_mundo&#038;utm_content=pf&#038;utm_term=generico\" target=\"_blank\" rel=\"noopener\">la manera com entenem la gesti\u00f3 del talent a Eurofirms<\/a> i que fa m\u00e9s de 35 anys que posem en pr\u00e0ctica: mentre altres llegeixen curr\u00edculums, nosaltres trobem persones. <\/p>\t\t\t\t\t\t\t\t<\/div>\n\t\t\t\t<\/div>\n\t\t\t\t<\/div>\n\t\t<div class=\"elementor-element elementor-element-b6b74c1 e-con-full e-flex e-con e-child\" data-id=\"b6b74c1\" data-element_type=\"container\" data-e-type=\"container\" data-settings=\"{&quot;jet_parallax_layout_list&quot;:[],&quot;background_background&quot;:&quot;classic&quot;}\">\n\t\t\t\t<div class=\"elementor-element elementor-element-9934ce5 elementor-widget elementor-widget-heading\" data-id=\"9934ce5\" data-element_type=\"widget\" data-e-type=\"widget\" data-widget_type=\"heading.default\">\n\t\t\t\t<div class=\"elementor-widget-container\">\n\t\t\t\t\t<h2 class=\"elementor-heading-title elementor-size-default\">Les empreses necessiten mirar m\u00e9s enll\u00e0 del curr\u00edculum<\/h2>\t\t\t\t<\/div>\n\t\t\t\t<\/div>\n\t\t\t\t<div class=\"elementor-element elementor-element-8170d5f elementor-widget elementor-widget-text-editor\" data-id=\"8170d5f\" data-element_type=\"widget\" data-e-type=\"widget\" data-widget_type=\"text-editor.default\">\n\t\t\t\t<div class=\"elementor-widget-container\">\n\t\t\t\t\t\t\t\t\t<p><strong>Les empreses necessiten mirar m\u00e9s enll\u00e0 del curr\u00edculum<\/strong> per trobar l\u2019encaix ideal. Aquesta \u00e9s una de les idees principals de l\u2019entrevista, on Anna Golsa explica com els processos de selecci\u00f3 han evolucionat cap a un model que posa el focus en aspectes que van m\u00e9s enll\u00e0 de l\u2019experi\u00e8ncia o la formaci\u00f3. De fet, el 89% dels errors de contractaci\u00f3 tenen el seu origen en factors que no apareixen al curr\u00edculum. Aspectes com l\u2019actitud, la capacitat d\u2019adaptaci\u00f3, els valors, les motivacions o l\u2019alineament amb la cultura corporativa s\u00f3n cada vegada m\u00e9s determinants per garantir incorporacions exitoses, sostenibles i amb impacte en el negoci.   <\/p><p>Per aix\u00f2, l\u2019encaix s\u2019ha convertit en una variable estrat\u00e8gica per a les organitzacions. <a href=\"https:\/\/www.eurofirms.com\/es\/ca\/contacte-empreses\/?utm_source=web&#038;utm_medium=blog&#038;utm_campaign=es_anna_golsa_el_mundo&#038;utm_content=pf&#038;utm_term=generico\" target=\"_blank\" rel=\"noopener\">Una contractaci\u00f3 alineada amb la cultura i les necessitats de l\u2019empresa<\/a> pot augmentar la productivitat un 21%. A m\u00e9s, en projectes que hem desenvolupat amb la nostra metodologia, aquest enfocament ha perm\u00e8s reduir l\u2019absentisme prop d\u2019un 20% i la rotaci\u00f3 fins a un 53%, demostrant l\u2019impacte que una bona gesti\u00f3 del talent pot tenir en els resultats del negoci.  <\/p>\t\t\t\t\t\t\t\t<\/div>\n\t\t\t\t<\/div>\n\t\t\t\t<\/div>\n\t\t<div class=\"elementor-element elementor-element-042a3ff e-con-full e-flex e-con e-child\" data-id=\"042a3ff\" data-element_type=\"container\" data-e-type=\"container\" data-settings=\"{&quot;jet_parallax_layout_list&quot;:[]}\">\n\t\t\t\t<div class=\"elementor-element elementor-element-1d0b48e elementor-widget elementor-widget-heading\" data-id=\"1d0b48e\" data-element_type=\"widget\" data-e-type=\"widget\" data-widget_type=\"heading.default\">\n\t\t\t\t<div class=\"elementor-widget-container\">\n\t\t\t\t\t<h3 class=\"elementor-heading-title elementor-size-default\">La IA al servei de les persones i de l\u2019encaix laboral<\/h3>\t\t\t\t<\/div>\n\t\t\t\t<\/div>\n\t\t\t\t<div class=\"elementor-element elementor-element-2abd20c elementor-widget elementor-widget-text-editor\" data-id=\"2abd20c\" data-element_type=\"widget\" data-e-type=\"widget\" data-widget_type=\"text-editor.default\">\n\t\t\t\t<div class=\"elementor-widget-container\">\n\t\t\t\t\t\t\t\t\t<p>Per aconseguir l\u2019encaix ideal, la tecnologia i la intel\u00b7lig\u00e8ncia artificial tamb\u00e9 juguen un paper cada vegada m\u00e9s rellevant.<\/p><p>A Eurofirms apostem per una <a href=\"https:\/\/www.eurofirms.com\/es\/ca\/sobre-nosaltres\/ia-amb-proposit\/?utm_source=web&#038;utm_medium=blog&#038;utm_campaign=es_anna_golsa_el_mundo&#038;utm_content=pf&#038;utm_term=generico\" target=\"_blank\" rel=\"noopener\">IA inclusiva<\/a> que ens permeti agilitzar processos, reduir tasques repetitives i minimitzar biaixos, per\u00f2 sempre amb un objectiu clar: que la tecnologia permeti als nostres equips dedicar m\u00e9s temps a entendre les persones i a connectar cada perfil amb el projecte en qu\u00e8 pot desenvolupar tot el seu potencial.<\/p>\t\t\t\t\t\t\t\t<\/div>\n\t\t\t\t<\/div>\n\t\t\t\t<\/div>\n\t\t\t\t\t<\/div>\n\t\t\t\t<\/div>\n\t\t\t\t<\/div>\n\t\t","protected":false},"excerpt":{"rendered":"<p>Anna Golsa, CEO d\u2019Eurofirms Group, comparteix en una entrevista per a El Mundo la nostra visi\u00f3 sobre un dels principals desafiaments del mercat laboral actual: el veritable repte no \u00e9s la manca de talent, sin\u00f3 trobar l\u2019encaix adequat entre persones i empreses. En un context on m\u00e9s de 150.000 vacants sense cobrir conviuen amb una [&hellip;]<\/p>\n","protected":false},"author":19,"featured_media":117599,"comment_status":"open","ping_status":"open","sticky":false,"template":"","format":"standard","meta":{"footnotes":""},"categories":[80],"tags":[],"class_list":["post-117593","post","type-post","status-publish","format-standard","has-post-thumbnail","hentry","category-noticies-eurofirms"],"yoast_head":"<!-- This site is optimized with the Yoast SEO plugin v27.4 - https:\/\/yoast.com\/product\/yoast-seo-wordpress\/ -->\n<title>Anna Golsa: &quot;El problema del mercat laboral \u00e9s l&#039;encaix.&quot; | Eurofirms<\/title>\n<meta name=\"description\" content=\"Anna Golsa reflexiona sobre l\u2019encaix entre persones i empreses i el paper de la IA en la gesti\u00f3 del talent en una entrevista per a El Mundo.\" \/>\n<meta name=\"robots\" content=\"index, follow, max-snippet:-1, max-image-preview:large, max-video-preview:-1\" \/>\n<link rel=\"canonical\" href=\"https:\/\/www.eurofirms.com\/es\/ca\/anna-golsa-el-problema-del-mercat-laboral-no-es-la-falta-de-talent-sino-lencaix\/\" \/>\n<meta property=\"og:locale\" content=\"ca_ES\" \/>\n<meta property=\"og:type\" content=\"article\" \/>\n<meta property=\"og:title\" content=\"Anna Golsa: &quot;El problema del mercat laboral \u00e9s l&#039;encaix.&quot; | Eurofirms\" \/>\n<meta property=\"og:description\" content=\"Anna Golsa reflexiona sobre l\u2019encaix entre persones i empreses i el paper de la IA en la gesti\u00f3 del talent en una entrevista per a El Mundo.\" \/>\n<meta property=\"og:url\" content=\"https:\/\/www.eurofirms.com\/es\/ca\/anna-golsa-el-problema-del-mercat-laboral-no-es-la-falta-de-talent-sino-lencaix\/\" \/>\n<meta property=\"og:site_name\" content=\"Eurofirms\" \/>\n<meta property=\"article:published_time\" content=\"2026-09-01T12:06:55+00:00\" \/>\n<meta property=\"article:modified_time\" content=\"2026-09-01T15:59:09+00:00\" \/>\n<meta property=\"og:image\" content=\"https:\/\/www.eurofirms.com\/es\/wp-content\/uploads\/sites\/2\/2026\/09\/anna-golsa-encaje-mercado-laboral.webp\" \/>\n\t<meta property=\"og:image:width\" content=\"1000\" \/>\n\t<meta property=\"og:image:height\" content=\"340\" \/>\n\t<meta property=\"og:image:type\" content=\"image\/webp\" \/>\n<meta name=\"author\" content=\"dfont\" \/>\n<meta name=\"twitter:card\" content=\"summary_large_image\" \/>\n<meta name=\"twitter:creator\" content=\"@euroadmin\" \/>\n<meta name=\"twitter:label1\" content=\"Escrit per\" \/>\n\t<meta name=\"twitter:data1\" content=\"dfont\" \/>\n\t<meta name=\"twitter:label2\" content=\"Temps estimat de lectura\" \/>\n\t<meta name=\"twitter:data2\" content=\"2 minuts\" \/>\n<script type=\"application\/ld+json\" class=\"yoast-schema-graph\">{\"@context\":\"https:\\\/\\\/schema.org\",\"@graph\":[{\"@type\":\"Article\",\"@id\":\"https:\\\/\\\/www.eurofirms.com\\\/es\\\/ca\\\/anna-golsa-el-problema-del-mercat-laboral-no-es-la-falta-de-talent-sino-lencaix\\\/#article\",\"isPartOf\":{\"@id\":\"https:\\\/\\\/www.eurofirms.com\\\/es\\\/ca\\\/anna-golsa-el-problema-del-mercat-laboral-no-es-la-falta-de-talent-sino-lencaix\\\/\"},\"author\":{\"name\":\"dfont\",\"@id\":\"https:\\\/\\\/www.eurofirms.com\\\/es\\\/ca\\\/#\\\/schema\\\/person\\\/63bcdd06065f825dfbc9986036594b16\"},\"headline\":\"Anna Golsa: &#8220;El problema del mercat laboral no \u00e9s la falta de talent, sin\u00f3 l\u2019encaix.&#8221;\",\"datePublished\":\"2026-09-01T12:06:55+00:00\",\"dateModified\":\"2026-09-01T15:59:09+00:00\",\"mainEntityOfPage\":{\"@id\":\"https:\\\/\\\/www.eurofirms.com\\\/es\\\/ca\\\/anna-golsa-el-problema-del-mercat-laboral-no-es-la-falta-de-talent-sino-lencaix\\\/\"},\"wordCount\":422,\"commentCount\":0,\"publisher\":{\"@id\":\"https:\\\/\\\/www.eurofirms.com\\\/es\\\/ca\\\/#organization\"},\"image\":{\"@id\":\"https:\\\/\\\/www.eurofirms.com\\\/es\\\/ca\\\/anna-golsa-el-problema-del-mercat-laboral-no-es-la-falta-de-talent-sino-lencaix\\\/#primaryimage\"},\"thumbnailUrl\":\"https:\\\/\\\/www.eurofirms.com\\\/es\\\/wp-content\\\/uploads\\\/sites\\\/2\\\/2026\\\/09\\\/anna-golsa-encaje-mercado-laboral.webp\",\"articleSection\":[\"Not\u00edcies Eurofirms\"],\"inLanguage\":\"ca\",\"potentialAction\":[{\"@type\":\"CommentAction\",\"name\":\"Comment\",\"target\":[\"https:\\\/\\\/www.eurofirms.com\\\/es\\\/ca\\\/anna-golsa-el-problema-del-mercat-laboral-no-es-la-falta-de-talent-sino-lencaix\\\/#respond\"]}]},{\"@type\":\"WebPage\",\"@id\":\"https:\\\/\\\/www.eurofirms.com\\\/es\\\/ca\\\/anna-golsa-el-problema-del-mercat-laboral-no-es-la-falta-de-talent-sino-lencaix\\\/\",\"url\":\"https:\\\/\\\/www.eurofirms.com\\\/es\\\/ca\\\/anna-golsa-el-problema-del-mercat-laboral-no-es-la-falta-de-talent-sino-lencaix\\\/\",\"name\":\"Anna Golsa: \\\"El problema del mercat laboral \u00e9s l'encaix.\\\" | Eurofirms\",\"isPartOf\":{\"@id\":\"https:\\\/\\\/www.eurofirms.com\\\/es\\\/ca\\\/#website\"},\"primaryImageOfPage\":{\"@id\":\"https:\\\/\\\/www.eurofirms.com\\\/es\\\/ca\\\/anna-golsa-el-problema-del-mercat-laboral-no-es-la-falta-de-talent-sino-lencaix\\\/#primaryimage\"},\"image\":{\"@id\":\"https:\\\/\\\/www.eurofirms.com\\\/es\\\/ca\\\/anna-golsa-el-problema-del-mercat-laboral-no-es-la-falta-de-talent-sino-lencaix\\\/#primaryimage\"},\"thumbnailUrl\":\"https:\\\/\\\/www.eurofirms.com\\\/es\\\/wp-content\\\/uploads\\\/sites\\\/2\\\/2026\\\/09\\\/anna-golsa-encaje-mercado-laboral.webp\",\"datePublished\":\"2026-09-01T12:06:55+00:00\",\"dateModified\":\"2026-09-01T15:59:09+00:00\",\"description\":\"Anna Golsa reflexiona sobre l\u2019encaix entre persones i empreses i el paper de la IA en la gesti\u00f3 del talent en una entrevista per a El Mundo.\",\"breadcrumb\":{\"@id\":\"https:\\\/\\\/www.eurofirms.com\\\/es\\\/ca\\\/anna-golsa-el-problema-del-mercat-laboral-no-es-la-falta-de-talent-sino-lencaix\\\/#breadcrumb\"},\"inLanguage\":\"ca\",\"potentialAction\":[{\"@type\":\"ReadAction\",\"target\":[\"https:\\\/\\\/www.eurofirms.com\\\/es\\\/ca\\\/anna-golsa-el-problema-del-mercat-laboral-no-es-la-falta-de-talent-sino-lencaix\\\/\"]}]},{\"@type\":\"ImageObject\",\"inLanguage\":\"ca\",\"@id\":\"https:\\\/\\\/www.eurofirms.com\\\/es\\\/ca\\\/anna-golsa-el-problema-del-mercat-laboral-no-es-la-falta-de-talent-sino-lencaix\\\/#primaryimage\",\"url\":\"https:\\\/\\\/www.eurofirms.com\\\/es\\\/wp-content\\\/uploads\\\/sites\\\/2\\\/2026\\\/09\\\/anna-golsa-encaje-mercado-laboral.webp\",\"contentUrl\":\"https:\\\/\\\/www.eurofirms.com\\\/es\\\/wp-content\\\/uploads\\\/sites\\\/2\\\/2026\\\/09\\\/anna-golsa-encaje-mercado-laboral.webp\",\"width\":1000,\"height\":340},{\"@type\":\"BreadcrumbList\",\"@id\":\"https:\\\/\\\/www.eurofirms.com\\\/es\\\/ca\\\/anna-golsa-el-problema-del-mercat-laboral-no-es-la-falta-de-talent-sino-lencaix\\\/#breadcrumb\",\"itemListElement\":[{\"@type\":\"ListItem\",\"position\":1,\"name\":\"Home\",\"item\":\"https:\\\/\\\/www.eurofirms.com\\\/es\\\/ca\\\/\"},{\"@type\":\"ListItem\",\"position\":2,\"name\":\"Anna Golsa: &#8220;El problema del mercat laboral no \u00e9s la falta de talent, sin\u00f3 l\u2019encaix.&#8221;\"}]},{\"@type\":\"WebSite\",\"@id\":\"https:\\\/\\\/www.eurofirms.com\\\/es\\\/ca\\\/#website\",\"url\":\"https:\\\/\\\/www.eurofirms.com\\\/es\\\/ca\\\/\",\"name\":\"Eurofirms\",\"description\":\"Eurofirms\",\"publisher\":{\"@id\":\"https:\\\/\\\/www.eurofirms.com\\\/es\\\/ca\\\/#organization\"},\"potentialAction\":[{\"@type\":\"SearchAction\",\"target\":{\"@type\":\"EntryPoint\",\"urlTemplate\":\"https:\\\/\\\/www.eurofirms.com\\\/es\\\/ca\\\/?s={search_term_string}\"},\"query-input\":{\"@type\":\"PropertyValueSpecification\",\"valueRequired\":true,\"valueName\":\"search_term_string\"}}],\"inLanguage\":\"ca\"},{\"@type\":\"Organization\",\"@id\":\"https:\\\/\\\/www.eurofirms.com\\\/es\\\/ca\\\/#organization\",\"name\":\"Eurofirms\",\"url\":\"https:\\\/\\\/www.eurofirms.com\\\/es\\\/ca\\\/\",\"logo\":{\"@type\":\"ImageObject\",\"inLanguage\":\"ca\",\"@id\":\"https:\\\/\\\/www.eurofirms.com\\\/es\\\/ca\\\/#\\\/schema\\\/logo\\\/image\\\/\",\"url\":\"https:\\\/\\\/www.eurofirms.com\\\/es\\\/wp-content\\\/uploads\\\/sites\\\/2\\\/2025\\\/02\\\/logo-eurofirms-people-first.webp\",\"contentUrl\":\"https:\\\/\\\/www.eurofirms.com\\\/es\\\/wp-content\\\/uploads\\\/sites\\\/2\\\/2025\\\/02\\\/logo-eurofirms-people-first.webp\",\"width\":130,\"height\":38,\"caption\":\"Eurofirms\"},\"image\":{\"@id\":\"https:\\\/\\\/www.eurofirms.com\\\/es\\\/ca\\\/#\\\/schema\\\/logo\\\/image\\\/\"}},{\"@type\":\"Person\",\"@id\":\"https:\\\/\\\/www.eurofirms.com\\\/es\\\/ca\\\/#\\\/schema\\\/person\\\/63bcdd06065f825dfbc9986036594b16\",\"name\":\"dfont\",\"image\":{\"@type\":\"ImageObject\",\"inLanguage\":\"ca\",\"@id\":\"https:\\\/\\\/secure.gravatar.com\\\/avatar\\\/eb899919585d5cb4dca6aed43c0500b65db91cb22f92b8be8899b29fae44ee4d?s=96&d=mm&r=g\",\"url\":\"https:\\\/\\\/secure.gravatar.com\\\/avatar\\\/eb899919585d5cb4dca6aed43c0500b65db91cb22f92b8be8899b29fae44ee4d?s=96&d=mm&r=g\",\"contentUrl\":\"https:\\\/\\\/secure.gravatar.com\\\/avatar\\\/eb899919585d5cb4dca6aed43c0500b65db91cb22f92b8be8899b29fae44ee4d?s=96&d=mm&r=g\",\"caption\":\"dfont\"},\"sameAs\":[\"https:\\\/\\\/x.com\\\/euroadmin\"]}]}<\/script>\n<!-- \/ Yoast SEO plugin. -->","yoast_head_json":{"title":"Anna Golsa: \"El problema del mercat laboral \u00e9s l'encaix.\" | Eurofirms","description":"Anna Golsa reflexiona sobre l\u2019encaix entre persones i empreses i el paper de la IA en la gesti\u00f3 del talent en una entrevista per a El Mundo.","robots":{"index":"index","follow":"follow","max-snippet":"max-snippet:-1","max-image-preview":"max-image-preview:large","max-video-preview":"max-video-preview:-1"},"canonical":"https:\/\/www.eurofirms.com\/es\/ca\/anna-golsa-el-problema-del-mercat-laboral-no-es-la-falta-de-talent-sino-lencaix\/","og_locale":"ca_ES","og_type":"article","og_title":"Anna Golsa: \"El problema del mercat laboral \u00e9s l'encaix.\" | Eurofirms","og_description":"Anna Golsa reflexiona sobre l\u2019encaix entre persones i empreses i el paper de la IA en la gesti\u00f3 del talent en una entrevista per a El Mundo.","og_url":"https:\/\/www.eurofirms.com\/es\/ca\/anna-golsa-el-problema-del-mercat-laboral-no-es-la-falta-de-talent-sino-lencaix\/","og_site_name":"Eurofirms","article_published_time":"2026-09-01T12:06:55+00:00","article_modified_time":"2026-09-01T15:59:09+00:00","og_image":[{"width":1000,"height":340,"url":"https:\/\/www.eurofirms.com\/es\/wp-content\/uploads\/sites\/2\/2026\/09\/anna-golsa-encaje-mercado-laboral.webp","type":"image\/webp"}],"author":"dfont","twitter_card":"summary_large_image","twitter_creator":"@euroadmin","twitter_misc":{"Escrit per":"dfont","Temps estimat de lectura":"2 minuts"},"schema":{"@context":"https:\/\/schema.org","@graph":[{"@type":"Article","@id":"https:\/\/www.eurofirms.com\/es\/ca\/anna-golsa-el-problema-del-mercat-laboral-no-es-la-falta-de-talent-sino-lencaix\/#article","isPartOf":{"@id":"https:\/\/www.eurofirms.com\/es\/ca\/anna-golsa-el-problema-del-mercat-laboral-no-es-la-falta-de-talent-sino-lencaix\/"},"author":{"name":"dfont","@id":"https:\/\/www.eurofirms.com\/es\/ca\/#\/schema\/person\/63bcdd06065f825dfbc9986036594b16"},"headline":"Anna Golsa: &#8220;El problema del mercat laboral no \u00e9s la falta de talent, sin\u00f3 l\u2019encaix.&#8221;","datePublished":"2026-09-01T12:06:55+00:00","dateModified":"2026-09-01T15:59:09+00:00","mainEntityOfPage":{"@id":"https:\/\/www.eurofirms.com\/es\/ca\/anna-golsa-el-problema-del-mercat-laboral-no-es-la-falta-de-talent-sino-lencaix\/"},"wordCount":422,"commentCount":0,"publisher":{"@id":"https:\/\/www.eurofirms.com\/es\/ca\/#organization"},"image":{"@id":"https:\/\/www.eurofirms.com\/es\/ca\/anna-golsa-el-problema-del-mercat-laboral-no-es-la-falta-de-talent-sino-lencaix\/#primaryimage"},"thumbnailUrl":"https:\/\/www.eurofirms.com\/es\/wp-content\/uploads\/sites\/2\/2026\/09\/anna-golsa-encaje-mercado-laboral.webp","articleSection":["Not\u00edcies Eurofirms"],"inLanguage":"ca","potentialAction":[{"@type":"CommentAction","name":"Comment","target":["https:\/\/www.eurofirms.com\/es\/ca\/anna-golsa-el-problema-del-mercat-laboral-no-es-la-falta-de-talent-sino-lencaix\/#respond"]}]},{"@type":"WebPage","@id":"https:\/\/www.eurofirms.com\/es\/ca\/anna-golsa-el-problema-del-mercat-laboral-no-es-la-falta-de-talent-sino-lencaix\/","url":"https:\/\/www.eurofirms.com\/es\/ca\/anna-golsa-el-problema-del-mercat-laboral-no-es-la-falta-de-talent-sino-lencaix\/","name":"Anna Golsa: \"El problema del mercat laboral \u00e9s l'encaix.\" | Eurofirms","isPartOf":{"@id":"https:\/\/www.eurofirms.com\/es\/ca\/#website"},"primaryImageOfPage":{"@id":"https:\/\/www.eurofirms.com\/es\/ca\/anna-golsa-el-problema-del-mercat-laboral-no-es-la-falta-de-talent-sino-lencaix\/#primaryimage"},"image":{"@id":"https:\/\/www.eurofirms.com\/es\/ca\/anna-golsa-el-problema-del-mercat-laboral-no-es-la-falta-de-talent-sino-lencaix\/#primaryimage"},"thumbnailUrl":"https:\/\/www.eurofirms.com\/es\/wp-content\/uploads\/sites\/2\/2026\/09\/anna-golsa-encaje-mercado-laboral.webp","datePublished":"2026-09-01T12:06:55+00:00","dateModified":"2026-09-01T15:59:09+00:00","description":"Anna Golsa reflexiona sobre l\u2019encaix entre persones i empreses i el paper de la IA en la gesti\u00f3 del talent en una entrevista per a El Mundo.","breadcrumb":{"@id":"https:\/\/www.eurofirms.com\/es\/ca\/anna-golsa-el-problema-del-mercat-laboral-no-es-la-falta-de-talent-sino-lencaix\/#breadcrumb"},"inLanguage":"ca","potentialAction":[{"@type":"ReadAction","target":["https:\/\/www.eurofirms.com\/es\/ca\/anna-golsa-el-problema-del-mercat-laboral-no-es-la-falta-de-talent-sino-lencaix\/"]}]},{"@type":"ImageObject","inLanguage":"ca","@id":"https:\/\/www.eurofirms.com\/es\/ca\/anna-golsa-el-problema-del-mercat-laboral-no-es-la-falta-de-talent-sino-lencaix\/#primaryimage","url":"https:\/\/www.eurofirms.com\/es\/wp-content\/uploads\/sites\/2\/2026\/09\/anna-golsa-encaje-mercado-laboral.webp","contentUrl":"https:\/\/www.eurofirms.com\/es\/wp-content\/uploads\/sites\/2\/2026\/09\/anna-golsa-encaje-mercado-laboral.webp","width":1000,"height":340},{"@type":"BreadcrumbList","@id":"https:\/\/www.eurofirms.com\/es\/ca\/anna-golsa-el-problema-del-mercat-laboral-no-es-la-falta-de-talent-sino-lencaix\/#breadcrumb","itemListElement":[{"@type":"ListItem","position":1,"name":"Home","item":"https:\/\/www.eurofirms.com\/es\/ca\/"},{"@type":"ListItem","position":2,"name":"Anna Golsa: &#8220;El problema del mercat laboral no \u00e9s la falta de talent, sin\u00f3 l\u2019encaix.&#8221;"}]},{"@type":"WebSite","@id":"https:\/\/www.eurofirms.com\/es\/ca\/#website","url":"https:\/\/www.eurofirms.com\/es\/ca\/","name":"Eurofirms","description":"Eurofirms","publisher":{"@id":"https:\/\/www.eurofirms.com\/es\/ca\/#organization"},"potentialAction":[{"@type":"SearchAction","target":{"@type":"EntryPoint","urlTemplate":"https:\/\/www.eurofirms.com\/es\/ca\/?s={search_term_string}"},"query-input":{"@type":"PropertyValueSpecification","valueRequired":true,"valueName":"search_term_string"}}],"inLanguage":"ca"},{"@type":"Organization","@id":"https:\/\/www.eurofirms.com\/es\/ca\/#organization","name":"Eurofirms","url":"https:\/\/www.eurofirms.com\/es\/ca\/","logo":{"@type":"ImageObject","inLanguage":"ca","@id":"https:\/\/www.eurofirms.com\/es\/ca\/#\/schema\/logo\/image\/","url":"https:\/\/www.eurofirms.com\/es\/wp-content\/uploads\/sites\/2\/2025\/02\/logo-eurofirms-people-first.webp","contentUrl":"https:\/\/www.eurofirms.com\/es\/wp-content\/uploads\/sites\/2\/2025\/02\/logo-eurofirms-people-first.webp","width":130,"height":38,"caption":"Eurofirms"},"image":{"@id":"https:\/\/www.eurofirms.com\/es\/ca\/#\/schema\/logo\/image\/"}},{"@type":"Person","@id":"https:\/\/www.eurofirms.com\/es\/ca\/#\/schema\/person\/63bcdd06065f825dfbc9986036594b16","name":"dfont","image":{"@type":"ImageObject","inLanguage":"ca","@id":"https:\/\/secure.gravatar.com\/avatar\/eb899919585d5cb4dca6aed43c0500b65db91cb22f92b8be8899b29fae44ee4d?s=96&d=mm&r=g","url":"https:\/\/secure.gravatar.com\/avatar\/eb899919585d5cb4dca6aed43c0500b65db91cb22f92b8be8899b29fae44ee4d?s=96&d=mm&r=g","contentUrl":"https:\/\/secure.gravatar.com\/avatar\/eb899919585d5cb4dca6aed43c0500b65db91cb22f92b8be8899b29fae44ee4d?s=96&d=mm&r=g","caption":"dfont"},"sameAs":["https:\/\/x.com\/euroadmin"]}]}},"_links":{"self":[{"href":"https:\/\/www.eurofirms.com\/es\/ca\/wp-json\/wp\/v2\/posts\/117593","targetHints":{"allow":["GET"]}}],"collection":[{"href":"https:\/\/www.eurofirms.com\/es\/ca\/wp-json\/wp\/v2\/posts"}],"about":[{"href":"https:\/\/www.eurofirms.com\/es\/ca\/wp-json\/wp\/v2\/types\/post"}],"author":[{"embeddable":true,"href":"https:\/\/www.eurofirms.com\/es\/ca\/wp-json\/wp\/v2\/users\/19"}],"replies":[{"embeddable":true,"href":"https:\/\/www.eurofirms.com\/es\/ca\/wp-json\/wp\/v2\/comments?post=117593"}],"version-history":[{"count":4,"href":"https:\/\/www.eurofirms.com\/es\/ca\/wp-json\/wp\/v2\/posts\/117593\/revisions"}],"predecessor-version":[{"id":117625,"href":"https:\/\/www.eurofirms.com\/es\/ca\/wp-json\/wp\/v2\/posts\/117593\/revisions\/117625"}],"wp:featuredmedia":[{"embeddable":true,"href":"https:\/\/www.eurofirms.com\/es\/ca\/wp-json\/wp\/v2\/media\/117599"}],"wp:attachment":[{"href":"https:\/\/www.eurofirms.com\/es\/ca\/wp-json\/wp\/v2\/media?parent=117593"}],"wp:term":[{"taxonomy":"category","embeddable":true,"href":"https:\/\/www.eurofirms.com\/es\/ca\/wp-json\/wp\/v2\/categories?post=117593"},{"taxonomy":"post_tag","embeddable":true,"href":"https:\/\/www.eurofirms.com\/es\/ca\/wp-json\/wp\/v2\/tags?post=117593"}],"curies":[{"name":"wp","href":"https:\/\/api.w.org\/{rel}","templated":true}]}}