{"id":108577,"date":"2026-03-12T16:28:38","date_gmt":"2026-03-12T15:28:38","guid":{"rendered":"https:\/\/www.eurofirms.com\/es\/absentisme-laboral-que-es-per-que-passa-i-com-reduir-ho-amb-una-millor-gestio-del-talent\/"},"modified":"2026-03-23T11:56:00","modified_gmt":"2026-03-23T10:56:00","slug":"absentisme-laboral-que-es-per-que-passa-i-com-reduir-ho-amb-una-millor-gestio-del-talent","status":"publish","type":"post","link":"https:\/\/www.eurofirms.com\/es\/ca\/absentisme-laboral-que-es-per-que-passa-i-com-reduir-ho-amb-una-millor-gestio-del-talent\/","title":{"rendered":"Absentisme laboral: qu\u00e8 \u00e9s, per qu\u00e8 passa i com reduir-ho amb una millor gesti\u00f3 del talent."},"content":{"rendered":"\t\t<div data-elementor-type=\"wp-post\" data-elementor-id=\"108577\" class=\"elementor elementor-108577 elementor-108527\" data-elementor-post-type=\"post\">\n\t\t\t\t<div class=\"elementor-element elementor-element-1be9396d e-flex e-con-boxed e-con e-parent\" data-id=\"1be9396d\" data-element_type=\"container\" data-e-type=\"container\" data-settings=\"{&quot;jet_parallax_layout_list&quot;:[]}\">\n\t\t\t\t\t<div class=\"e-con-inner\">\n\t\t\t\t<div class=\"elementor-element elementor-element-170932d elementor-widget elementor-widget-text-editor\" data-id=\"170932d\" data-element_type=\"widget\" data-e-type=\"widget\" data-widget_type=\"text-editor.default\">\n\t\t\t\t<div class=\"elementor-widget-container\">\n\t\t\t\t\t\t\t\t\tL&#8217;absentisme laboral \u00e9s un dels reptes m\u00e9s importants per a les empreses que cerquen construir equips estables, motivats i compromesos. A Eurofirms ho veiem di\u00e0riament: quan l&#8217;absentisme augmenta, la continu\u00eftat operativa s&#8217;afebleix, la c\u00e0rrega de l&#8217;equip present creix i el rendiment global disminueix. Per\u00f2 l&#8217;absentisme laboral tamb\u00e9 demostra una cosa essencial: quan una organitzaci\u00f3 integra una <a id=\"https:\/\/www.eurofirms.com\/es\/es\/seleccion-talento\/?utm_source=google&amp;utm_medium=GBP&amp;utm_campaign=blog_absentismo\" href=\"https:\/\/www.eurofirms.com\/es\/ca\/seleccio-talent\/?utm_source=google&#038;utm_medium=GBP&#038;utm_campaign=blog_absentisme\" target=\"_blank\" rel=\"noreferrer noopener\" type=\"link\">selecci\u00f3 de personal adaptada<\/a> , <a id=\"https:\/\/www.eurofirms.com\/es\/es\/sobre-nosotros\/people-first\/?utm_source=google&amp;utm_medium=GBP&amp;utm_campaign=blog_absentismo\" href=\"https:\/\/www.eurofirms.com\/es\/ca\/sobre-nosaltres\/people-first\/?utm_source=google&#038;utm_medium=GBP&#038;utm_campaign=blog_absentisme\" target=\"_blank\" rel=\"noreferrer noopener\" type=\"link\">benestar laboral<\/a> i <a id=\"https:\/\/www.eurofirms.com\/es\/es\/prevencion\/?utm_source=google&amp;utm_medium=GBP&amp;utm_campaign=blog_absentismo\" href=\"https:\/\/www.eurofirms.com\/es\/ca\/prevencio\/?utm_source=google&#038;utm_medium=GBP&#038;utm_campaign=blog_absentisme\" target=\"_blank\" rel=\"noreferrer noopener\" type=\"link\">serveis de prevenci\u00f3<\/a> s\u00f2lids, els nivells d&#8217;abs\u00e8ncies es redueixen de manera clara i sostinguda.  \n<br><br>Com <strong>a 1\u00aa empresa nacional de gesti\u00f3 del talent<\/strong> , a Eurofirms treballem amb la cultura People first que situa les persones al centre. Des d&#8217;aquesta perspectiva, l&#8217;absentisme no nom\u00e9s \u00e9s una abs\u00e8ncia f\u00edsica: \u00e9s un senyal de desconnexi\u00f3 entre la persona, el lloc i la cultura de l&#8217;entorn laboral. Reduir-ho implica comprendre&#8217;n les causes reals i abordar-lo amb un enfocament preventiu, hum\u00e0 i basat en valors.  \t\t\t\t\t\t\t\t<\/div>\n\t\t\t\t<\/div>\n\t\t\t\t<div class=\"elementor-element elementor-element-3049b15 elementor-widget elementor-widget-icon-box\" data-id=\"3049b15\" data-element_type=\"widget\" data-e-type=\"widget\" data-widget_type=\"icon-box.default\">\n\t\t\t\t<div class=\"elementor-widget-container\">\n\t\t\t\t\t\t\t<div class=\"elementor-icon-box-wrapper\">\n\n\t\t\t\n\t\t\t\t\t\t<div class=\"elementor-icon-box-content\">\n\n\t\t\t\t\t\t\t\t\t<h2 class=\"elementor-icon-box-title\">\n\t\t\t\t\t\t<span  >\n\t\t\t\t\t\t\tQu\u00e8 \u00e9s l'absentisme laboral i com es pot reduir?\t\t\t\t\t\t<\/span>\n\t\t\t\t\t<\/h2>\n\t\t\t\t\n\t\t\t\t\t\t\t\t\t<p class=\"elementor-icon-box-description\">\n\t\t\t\t\t\tL'absentisme laboral fa refer\u00e8ncia a les abs\u00e8ncies no planificades o injustificades d'una persona al lloc de treball. Per reduir l'absentisme laboral cal comprendre'n les causes reals, millorar la selecci\u00f3 per assegurar l'encaix persona-posat i aplicar mesures de benestar i prevenci\u00f3 que enforteixin la motivaci\u00f3, la salut i el comprom\u00eds dels equips. \t\t\t\t\t<\/p>\n\t\t\t\t\n\t\t\t<\/div>\n\t\t\t\n\t\t<\/div>\n\t\t\t\t\t\t<\/div>\n\t\t\t\t<\/div>\n\t\t<div class=\"elementor-element elementor-element-ec2d54d e-con-full e-flex e-con e-child\" data-id=\"ec2d54d\" data-element_type=\"container\" data-e-type=\"container\" data-settings=\"{&quot;jet_parallax_layout_list&quot;:[],&quot;background_background&quot;:&quot;classic&quot;}\">\n\t\t\t\t<div class=\"elementor-element elementor-element-ddc3487 elementor-widget elementor-widget-icon-box\" data-id=\"ddc3487\" data-element_type=\"widget\" data-e-type=\"widget\" data-widget_type=\"icon-box.default\">\n\t\t\t\t<div class=\"elementor-widget-container\">\n\t\t\t\t\t\t\t<div class=\"elementor-icon-box-wrapper\">\n\n\t\t\t\n\t\t\t\t\t\t<div class=\"elementor-icon-box-content\">\n\n\t\t\t\t\t\t\t\t\t<h2 class=\"elementor-icon-box-title\">\n\t\t\t\t\t\t<span  >\n\t\t\t\t\t\t\tPer qu\u00e8 l?absentisme laboral \u00e9s un problema per a les empreses?\t\t\t\t\t\t<\/span>\n\t\t\t\t\t<\/h2>\n\t\t\t\t\n\t\t\t\t\t\t\t\t\t<p class=\"elementor-icon-box-description\">\n\t\t\t\t\t\tL'absentisme laboral \u00e9s un problema per a les empreses perqu\u00e8 impacta directament a la coordinaci\u00f3 dels equips, l'efici\u00e8ncia dels processos i la qualitat del servei. Cada abs\u00e8ncia obliga a reorganitzar torns, redistribuir tasques i accelerar ritmes, generant tensi\u00f3 a l'equip present. En sectors com la log\u00edstica, la ind\u00fastria, el retail o l'hostaleria, on l'operaci\u00f3 dep\u00e8n del ritme diari, l'absentisme pot generar conseq\u00fc\u00e8ncies immediates.  \n\n<br><br><strong>A Eurofirms entenem l'absentisme com un indicador cr\u00edtic dins de la gesti\u00f3 del talent<\/strong> . <a id=\"https:\/\/www.eurofirms.com\/es\/es\/contacto-empresa\/?utm_source=google&amp;utm_medium=GBP&amp;utm_campaign=blog_absentismo\" href=\"https:\/\/www.eurofirms.com\/es\/ca\/contacte-empreses\/?utm_source=google&amp;utm_medium=GBP&amp;utm_campaign=blog_absentisme\" target=\"_blank\" rel=\"noreferrer noopener\">Detectar-ho i actuar de forma preventiva<\/a> \u2013especialment a trav\u00e9s de benestar, selecci\u00f3 ajustada i serveis de prevenci\u00f3 i salut laboral\u2013 permet anticipar-se a riscos, reduir la rotaci\u00f3 i consolidar equips m\u00e9s estables i cohesionats.\t\t\t\t\t<\/p>\n\t\t\t\t\n\t\t\t<\/div>\n\t\t\t\n\t\t<\/div>\n\t\t\t\t\t\t<\/div>\n\t\t\t\t<\/div>\n\t\t\t\t<\/div>\n\t\t\t\t<div class=\"elementor-element elementor-element-f847f1a elementor-widget elementor-widget-icon-box\" data-id=\"f847f1a\" data-element_type=\"widget\" data-e-type=\"widget\" data-widget_type=\"icon-box.default\">\n\t\t\t\t<div class=\"elementor-widget-container\">\n\t\t\t\t\t\t\t<div class=\"elementor-icon-box-wrapper\">\n\n\t\t\t\n\t\t\t\t\t\t<div class=\"elementor-icon-box-content\">\n\n\t\t\t\t\t\t\t\t\t<h2 class=\"elementor-icon-box-title\">\n\t\t\t\t\t\t<span  >\n\t\t\t\t\t\t\tPrincipals causes de l'absentisme laboral\t\t\t\t\t\t<\/span>\n\t\t\t\t\t<\/h2>\n\t\t\t\t\n\t\t\t\t\t\t\t\t\t<p class=\"elementor-icon-box-description\">\n\t\t\t\t\t\tLes causes principals de l'absentisme laboral solen estar relacionades amb aspectes estructurals de l'entorn laboral. A trav\u00e9s de la nostra experi\u00e8ncia a m\u00faltiples sectors, <strong>a Eurofirms hem identificat factors recurrents que expliquen l'aparici\u00f3 d'abs\u00e8ncies no planificades<\/strong> . \t\t\t\t\t<\/p>\n\t\t\t\t\n\t\t\t<\/div>\n\t\t\t\n\t\t<\/div>\n\t\t\t\t\t\t<\/div>\n\t\t\t\t<\/div>\n\t\t<div class=\"elementor-element elementor-element-dc62f62 e-con-full e-flex e-con e-child\" data-id=\"dc62f62\" data-element_type=\"container\" data-e-type=\"container\" data-settings=\"{&quot;jet_parallax_layout_list&quot;:[],&quot;background_background&quot;:&quot;classic&quot;}\">\n\t\t\t\t<div class=\"elementor-element elementor-element-fe99c3b elementor-widget elementor-widget-n-accordion\" data-id=\"fe99c3b\" data-element_type=\"widget\" data-e-type=\"widget\" data-settings=\"{&quot;default_state&quot;:&quot;all_collapsed&quot;,&quot;max_items_expended&quot;:&quot;one&quot;,&quot;n_accordion_animation_duration&quot;:{&quot;unit&quot;:&quot;ms&quot;,&quot;size&quot;:400,&quot;sizes&quot;:[]}}\" data-widget_type=\"nested-accordion.default\">\n\t\t\t\t<div class=\"elementor-widget-container\">\n\t\t\t\t\t\t\t<div class=\"e-n-accordion\" aria-label=\"Accordion. Open links with Enter or Space, close with Escape, and navigate with Arrow Keys\">\n\t\t\t\t\t\t<details id=\"e-n-accordion-item-2660\" class=\"e-n-accordion-item\" >\n\t\t\t\t<summary class=\"e-n-accordion-item-title\" data-accordion-index=\"1\" tabindex=\"0\" aria-expanded=\"false\" aria-controls=\"e-n-accordion-item-2660\" >\n\t\t\t\t\t<span class='e-n-accordion-item-title-header'><h3 class=\"e-n-accordion-item-title-text\"> Manca d'encaix entre la persona i el lloc <\/h3><\/span>\n\t\t\t\t\t\t\t<span class='e-n-accordion-item-title-icon'>\n\t\t\t<span class='e-opened' ><i aria-hidden=\"true\" class=\"fas fa-chevron-up\"><\/i><\/span>\n\t\t\t<span class='e-closed'><i aria-hidden=\"true\" class=\"fas fa-chevron-down\"><\/i><\/span>\n\t\t<\/span>\n\n\t\t\t\t\t\t<\/summary>\n\t\t\t\t<div role=\"region\" aria-labelledby=\"e-n-accordion-item-2660\" class=\"elementor-element elementor-element-610c998 e-con-full e-flex e-con e-child\" data-id=\"610c998\" data-element_type=\"container\" data-e-type=\"container\" data-settings=\"{&quot;jet_parallax_layout_list&quot;:[]}\">\n\t\t\t\t<div class=\"elementor-element elementor-element-54c8601 elementor-widget elementor-widget-text-editor\" data-id=\"54c8601\" data-element_type=\"widget\" data-e-type=\"widget\" data-widget_type=\"text-editor.default\">\n\t\t\t\t<div class=\"elementor-widget-container\">\n\t\t\t\t\t\t\t\t\t<p>La manca d&#8217;encaix entre la persona i el lloc de treball \u00e9s una de les causes m\u00e9s comunes de l&#8217;absentisme laboral. Quan una persona no se sent identificada amb les funcions, ritmes, horaris o cultura, augmenta la probabilitat de desconnexi\u00f3 i abs\u00e8ncies. A Eurofirms comprovem que una selecci\u00f3 precisa i transparent redueix aquest risc des del comen\u00e7ament del vincle laboral.  <\/p>\t\t\t\t\t\t\t\t<\/div>\n\t\t\t\t<\/div>\n\t\t\t\t<\/div>\n\t\t\t\t\t<\/details>\n\t\t\t\t\t\t<details id=\"e-n-accordion-item-2661\" class=\"e-n-accordion-item\" >\n\t\t\t\t<summary class=\"e-n-accordion-item-title\" data-accordion-index=\"2\" tabindex=\"-1\" aria-expanded=\"false\" aria-controls=\"e-n-accordion-item-2661\" >\n\t\t\t\t\t<span class='e-n-accordion-item-title-header'><h3 class=\"e-n-accordion-item-title-text\"> Clima laboral o lideratge poc saludable <\/h3><\/span>\n\t\t\t\t\t\t\t<span class='e-n-accordion-item-title-icon'>\n\t\t\t<span class='e-opened' ><i aria-hidden=\"true\" class=\"fas fa-chevron-up\"><\/i><\/span>\n\t\t\t<span class='e-closed'><i aria-hidden=\"true\" class=\"fas fa-chevron-down\"><\/i><\/span>\n\t\t<\/span>\n\n\t\t\t\t\t\t<\/summary>\n\t\t\t\t<div role=\"region\" aria-labelledby=\"e-n-accordion-item-2661\" class=\"elementor-element elementor-element-1d43bf5 e-con-full e-flex e-con e-child\" data-id=\"1d43bf5\" data-element_type=\"container\" data-e-type=\"container\" data-settings=\"{&quot;jet_parallax_layout_list&quot;:[]}\">\n\t\t\t\t<div class=\"elementor-element elementor-element-b04a85a elementor-widget elementor-widget-text-editor\" data-id=\"b04a85a\" data-element_type=\"widget\" data-e-type=\"widget\" data-widget_type=\"text-editor.default\">\n\t\t\t\t<div class=\"elementor-widget-container\">\n\t\t\t\t\t\t\t\t\t<p>El clima laboral o un lideratge poc saludable afecten directament l&#8217;absentisme laboral. Equips amb escassa comunicaci\u00f3, manca de cohesi\u00f3 o lideratges basats en la pressi\u00f3 generen desgast emocional. Per aix\u00f2 promovem un lideratge humanista basat en acompanyament, claredat i respecte, cosa que contribueix a reduir abs\u00e8ncies i millorar la conviv\u00e8ncia.  <\/p>\t\t\t\t\t\t\t\t<\/div>\n\t\t\t\t<\/div>\n\t\t\t\t<\/div>\n\t\t\t\t\t<\/details>\n\t\t\t\t\t\t<details id=\"e-n-accordion-item-2662\" class=\"e-n-accordion-item\" >\n\t\t\t\t<summary class=\"e-n-accordion-item-title\" data-accordion-index=\"3\" tabindex=\"-1\" aria-expanded=\"false\" aria-controls=\"e-n-accordion-item-2662\" >\n\t\t\t\t\t<span class='e-n-accordion-item-title-header'><h3 class=\"e-n-accordion-item-title-text\"> Dificultats de benestar f\u00edsic, emocional o conciliaci\u00f3 <\/h3><\/span>\n\t\t\t\t\t\t\t<span class='e-n-accordion-item-title-icon'>\n\t\t\t<span class='e-opened' ><i aria-hidden=\"true\" class=\"fas fa-chevron-up\"><\/i><\/span>\n\t\t\t<span class='e-closed'><i aria-hidden=\"true\" class=\"fas fa-chevron-down\"><\/i><\/span>\n\t\t<\/span>\n\n\t\t\t\t\t\t<\/summary>\n\t\t\t\t<div role=\"region\" aria-labelledby=\"e-n-accordion-item-2662\" class=\"elementor-element elementor-element-5b36e16 e-con-full e-flex e-con e-child\" data-id=\"5b36e16\" data-element_type=\"container\" data-e-type=\"container\" data-settings=\"{&quot;jet_parallax_layout_list&quot;:[]}\">\n\t\t\t\t<div class=\"elementor-element elementor-element-667b6d7 elementor-widget elementor-widget-text-editor\" data-id=\"667b6d7\" data-element_type=\"widget\" data-e-type=\"widget\" data-widget_type=\"text-editor.default\">\n\t\t\t\t<div class=\"elementor-widget-container\">\n\t\t\t\t\t\t\t\t\t<p>Les dificultats de benestar f\u00edsic, emocional o conciliaci\u00f3 incideixen de manera significativa en l&#8217;absentisme laboral. L&#8217;estr\u00e8s sostingut, els ritmes elevats o la manca de descans comprometen la salut i poden derivar en baixes o abs\u00e8ncies recurrents. Per aix\u00f2, el benestar i la prevenci\u00f3 han de formar part natural del model de gesti\u00f3 del talent.  <\/p>\t\t\t\t\t\t\t\t<\/div>\n\t\t\t\t<\/div>\n\t\t\t\t<\/div>\n\t\t\t\t\t<\/details>\n\t\t\t\t\t\t<details id=\"e-n-accordion-item-2663\" class=\"e-n-accordion-item\" >\n\t\t\t\t<summary class=\"e-n-accordion-item-title\" data-accordion-index=\"4\" tabindex=\"-1\" aria-expanded=\"false\" aria-controls=\"e-n-accordion-item-2663\" >\n\t\t\t\t\t<span class='e-n-accordion-item-title-header'><h3 class=\"e-n-accordion-item-title-text\"> Processos d'onboarding insuficients <\/h3><\/span>\n\t\t\t\t\t\t\t<span class='e-n-accordion-item-title-icon'>\n\t\t\t<span class='e-opened' ><i aria-hidden=\"true\" class=\"fas fa-chevron-up\"><\/i><\/span>\n\t\t\t<span class='e-closed'><i aria-hidden=\"true\" class=\"fas fa-chevron-down\"><\/i><\/span>\n\t\t<\/span>\n\n\t\t\t\t\t\t<\/summary>\n\t\t\t\t<div role=\"region\" aria-labelledby=\"e-n-accordion-item-2663\" class=\"elementor-element elementor-element-4e395a7 e-con-full e-flex e-con e-child\" data-id=\"4e395a7\" data-element_type=\"container\" data-e-type=\"container\" data-settings=\"{&quot;jet_parallax_layout_list&quot;:[]}\">\n\t\t\t\t<div class=\"elementor-element elementor-element-68be24f elementor-widget elementor-widget-text-editor\" data-id=\"68be24f\" data-element_type=\"widget\" data-e-type=\"widget\" data-widget_type=\"text-editor.default\">\n\t\t\t\t<div class=\"elementor-widget-container\">\n\t\t\t\t\t\t\t\t\t<p>Els processos d&#8217;onboarding insuficients incrementen el risc d&#8217;absentisme laboral. Una incorporaci\u00f3 sense acompanyament genera confusi\u00f3, inseguretat i connexi\u00f3 m\u00e9s petita amb l&#8217;empresa. A Eurofirms impulsem onboardings clars i personalitzats per refor\u00e7ar la integraci\u00f3 des del primer dia.  <\/p>\t\t\t\t\t\t\t\t<\/div>\n\t\t\t\t<\/div>\n\t\t\t\t<\/div>\n\t\t\t\t\t<\/details>\n\t\t\t\t\t<\/div>\n\t\t\t\t\t\t<\/div>\n\t\t\t\t<\/div>\n\t\t\t\t<\/div>\n\t\t<div class=\"elementor-element elementor-element-9e229b0 e-con-full e-flex e-con e-child\" data-id=\"9e229b0\" data-element_type=\"container\" data-e-type=\"container\" data-settings=\"{&quot;jet_parallax_layout_list&quot;:[],&quot;background_background&quot;:&quot;classic&quot;}\">\n\t\t\t\t<div class=\"elementor-element elementor-element-f70ef93 elementor-widget elementor-widget-icon-box\" data-id=\"f70ef93\" data-element_type=\"widget\" data-e-type=\"widget\" data-widget_type=\"icon-box.default\">\n\t\t\t\t<div class=\"elementor-widget-container\">\n\t\t\t\t\t\t\t<div class=\"elementor-icon-box-wrapper\">\n\n\t\t\t\n\t\t\t\t\t\t<div class=\"elementor-icon-box-content\">\n\n\t\t\t\t\t\t\t\t\t<h2 class=\"elementor-icon-box-title\">\n\t\t\t\t\t\t<span  >\n\t\t\t\t\t\t\tAjudem a empreses i candidats a gestionar el seu talent.\t\t\t\t\t\t<\/span>\n\t\t\t\t\t<\/h2>\n\t\t\t\t\n\t\t\t\t\t\t\t\t\t<p class=\"elementor-icon-box-description\">\n\t\t\t\t\t\tara volem ajudar-te a tu.\t\t\t\t\t<\/p>\n\t\t\t\t\n\t\t\t<\/div>\n\t\t\t\n\t\t<\/div>\n\t\t\t\t\t\t<\/div>\n\t\t\t\t<\/div>\n\t\t\t\t<div class=\"elementor-element elementor-element-c896853 elementor-align-left elementor-widget elementor-widget-button\" data-id=\"c896853\" data-element_type=\"widget\" data-e-type=\"widget\" data-widget_type=\"button.default\">\n\t\t\t\t<div class=\"elementor-widget-container\">\n\t\t\t\t\t\t\t\t\t<div class=\"elementor-button-wrapper\">\n\t\t\t\t\t<a class=\"elementor-button elementor-button-link elementor-size-sm\" href=\"https:\/\/www.eurofirms.com\/es\/ca\/contacte\/?utm_source=google&#038;utm_medium=GBP&#038;utm_campaign=blog_bannercontacto\" target=\"_blank\">\n\t\t\t\t\t\t<span class=\"elementor-button-content-wrapper\">\n\t\t\t\t\t\t\t\t\t<span class=\"elementor-button-text\">Contacte<\/span>\n\t\t\t\t\t<\/span>\n\t\t\t\t\t<\/a>\n\t\t\t\t<\/div>\n\t\t\t\t\t\t\t\t<\/div>\n\t\t\t\t<\/div>\n\t\t\t\t<\/div>\n\t\t\t\t<div class=\"elementor-element elementor-element-774901d elementor-widget elementor-widget-icon-box\" data-id=\"774901d\" data-element_type=\"widget\" data-e-type=\"widget\" data-widget_type=\"icon-box.default\">\n\t\t\t\t<div class=\"elementor-widget-container\">\n\t\t\t\t\t\t\t<div class=\"elementor-icon-box-wrapper\">\n\n\t\t\t\n\t\t\t\t\t\t<div class=\"elementor-icon-box-content\">\n\n\t\t\t\t\t\t\t\t\t<h2 class=\"elementor-icon-box-title\">\n\t\t\t\t\t\t<span  >\n\t\t\t\t\t\t\tLa selecci\u00f3 de personal com a eina per reduir l'absentisme laboral\t\t\t\t\t\t<\/span>\n\t\t\t\t\t<\/h2>\n\t\t\t\t\n\t\t\t\t\t\t\t\t\t<p class=\"elementor-icon-box-description\">\n\t\t\t\t\t\tLa <a id=\"https:\/\/www.eurofirms.com\/es\/es\/seleccion-talento\/?utm_source=google&amp;utm_medium=GBP&amp;utm_campaign=blog_absentismo\" href=\"https:\/\/www.eurofirms.com\/es\/ca\/seleccio-talent\/?utm_source=google&amp;utm_medium=GBP&amp;utm_campaign=blog_absentisme\" target=\"_blank\" rel=\"noreferrer noopener\">selecci\u00f3 de personal<\/a> \u00e9s una eina fonamental per reduir l'absentisme laboral, ja que permet preveure l'encaix persona-lloc i assegurar relacions laborals m\u00e9s estables. <strong>A Eurofirms apliquem un model que combina an\u00e0lisi humana, dades i intel\u00b7lig\u00e8ncia artificial<\/strong> per identificar perfils amb m\u00e9s potencial de comprom\u00eds i continu\u00eftat.\t\t\t\t\t<\/p>\n\t\t\t\t\n\t\t\t<\/div>\n\t\t\t\n\t\t<\/div>\n\t\t\t\t\t\t<\/div>\n\t\t\t\t<\/div>\n\t\t<div class=\"elementor-element elementor-element-aa6b405 e-con-full e-flex e-con e-child\" data-id=\"aa6b405\" data-element_type=\"container\" data-e-type=\"container\" data-settings=\"{&quot;jet_parallax_layout_list&quot;:[],&quot;background_background&quot;:&quot;classic&quot;}\">\n\t\t\t\t<div class=\"elementor-element elementor-element-7ed39fb elementor-widget elementor-widget-n-accordion\" data-id=\"7ed39fb\" data-element_type=\"widget\" data-e-type=\"widget\" data-settings=\"{&quot;default_state&quot;:&quot;all_collapsed&quot;,&quot;max_items_expended&quot;:&quot;one&quot;,&quot;n_accordion_animation_duration&quot;:{&quot;unit&quot;:&quot;ms&quot;,&quot;size&quot;:400,&quot;sizes&quot;:[]}}\" data-widget_type=\"nested-accordion.default\">\n\t\t\t\t<div class=\"elementor-widget-container\">\n\t\t\t\t\t\t\t<div class=\"e-n-accordion\" aria-label=\"Accordion. Open links with Enter or Space, close with Escape, and navigate with Arrow Keys\">\n\t\t\t\t\t\t<details id=\"e-n-accordion-item-1320\" class=\"e-n-accordion-item\" >\n\t\t\t\t<summary class=\"e-n-accordion-item-title\" data-accordion-index=\"1\" tabindex=\"0\" aria-expanded=\"false\" aria-controls=\"e-n-accordion-item-1320\" >\n\t\t\t\t\t<span class='e-n-accordion-item-title-header'><h3 class=\"e-n-accordion-item-title-text\"> Avaluaci\u00f3 profunda de compet\u00e8ncies i actituds <\/h3><\/span>\n\t\t\t\t\t\t\t<span class='e-n-accordion-item-title-icon'>\n\t\t\t<span class='e-opened' ><i aria-hidden=\"true\" class=\"fas fa-chevron-up\"><\/i><\/span>\n\t\t\t<span class='e-closed'><i aria-hidden=\"true\" class=\"fas fa-chevron-down\"><\/i><\/span>\n\t\t<\/span>\n\n\t\t\t\t\t\t<\/summary>\n\t\t\t\t<div role=\"region\" aria-labelledby=\"e-n-accordion-item-1320\" class=\"elementor-element elementor-element-9b1bfc6 e-con-full e-flex e-con e-child\" data-id=\"9b1bfc6\" data-element_type=\"container\" data-e-type=\"container\" data-settings=\"{&quot;jet_parallax_layout_list&quot;:[]}\">\n\t\t\t\t<div class=\"elementor-element elementor-element-fa743db elementor-widget elementor-widget-text-editor\" data-id=\"fa743db\" data-element_type=\"widget\" data-e-type=\"widget\" data-widget_type=\"text-editor.default\">\n\t\t\t\t<div class=\"elementor-widget-container\">\n\t\t\t\t\t\t\t\t\t<p>L&#8217;avaluaci\u00f3 profunda de compet\u00e8ncies i actituds ajuda a reduir l&#8217;absentisme laboral en identificar l&#8217;ajustament real entre la persona i el lloc de treball. A Eurofirms analitzem comportament, motivaci\u00f3 i expectatives per assegurar que cada persona s&#8217;incorpori a un entorn on pugui rendir i desenvolupar-se. <\/p>\t\t\t\t\t\t\t\t<\/div>\n\t\t\t\t<\/div>\n\t\t\t\t<\/div>\n\t\t\t\t\t<\/details>\n\t\t\t\t\t\t<details id=\"e-n-accordion-item-1321\" class=\"e-n-accordion-item\" >\n\t\t\t\t<summary class=\"e-n-accordion-item-title\" data-accordion-index=\"2\" tabindex=\"-1\" aria-expanded=\"false\" aria-controls=\"e-n-accordion-item-1321\" >\n\t\t\t\t\t<span class='e-n-accordion-item-title-header'><h3 class=\"e-n-accordion-item-title-text\"> Comunicaci\u00f3 transparent des de la primera entrevista <\/h3><\/span>\n\t\t\t\t\t\t\t<span class='e-n-accordion-item-title-icon'>\n\t\t\t<span class='e-opened' ><i aria-hidden=\"true\" class=\"fas fa-chevron-up\"><\/i><\/span>\n\t\t\t<span class='e-closed'><i aria-hidden=\"true\" class=\"fas fa-chevron-down\"><\/i><\/span>\n\t\t<\/span>\n\n\t\t\t\t\t\t<\/summary>\n\t\t\t\t<div role=\"region\" aria-labelledby=\"e-n-accordion-item-1321\" class=\"elementor-element elementor-element-9adc737 e-con-full e-flex e-con e-child\" data-id=\"9adc737\" data-element_type=\"container\" data-e-type=\"container\" data-settings=\"{&quot;jet_parallax_layout_list&quot;:[]}\">\n\t\t\t\t<div class=\"elementor-element elementor-element-58e0f57 elementor-widget elementor-widget-text-editor\" data-id=\"58e0f57\" data-element_type=\"widget\" data-e-type=\"widget\" data-widget_type=\"text-editor.default\">\n\t\t\t\t<div class=\"elementor-widget-container\">\n\t\t\t\t\t\t\t\t\t<p>La comunicaci\u00f3 transparent des de la primera entrevista \u00e9s clau per evitar l&#8217;absentisme laboral. Explicar horaris, funcions, ritmes i expectatives evita desajustos i en millora l&#8217;adaptaci\u00f3 posterior. La sinceritat inicial redueix sorpreses i enforteix la confian\u00e7a.  <\/p>\t\t\t\t\t\t\t\t<\/div>\n\t\t\t\t<\/div>\n\t\t\t\t<\/div>\n\t\t\t\t\t<\/details>\n\t\t\t\t\t\t<details id=\"e-n-accordion-item-1322\" class=\"e-n-accordion-item\" >\n\t\t\t\t<summary class=\"e-n-accordion-item-title\" data-accordion-index=\"3\" tabindex=\"-1\" aria-expanded=\"false\" aria-controls=\"e-n-accordion-item-1322\" >\n\t\t\t\t\t<span class='e-n-accordion-item-title-header'><h3 class=\"e-n-accordion-item-title-text\"> IA aplicada a la selecci\u00f3 per millorar l'encaix i reduir l'absentisme <\/h3><\/span>\n\t\t\t\t\t\t\t<span class='e-n-accordion-item-title-icon'>\n\t\t\t<span class='e-opened' ><i aria-hidden=\"true\" class=\"fas fa-chevron-up\"><\/i><\/span>\n\t\t\t<span class='e-closed'><i aria-hidden=\"true\" class=\"fas fa-chevron-down\"><\/i><\/span>\n\t\t<\/span>\n\n\t\t\t\t\t\t<\/summary>\n\t\t\t\t<div role=\"region\" aria-labelledby=\"e-n-accordion-item-1322\" class=\"elementor-element elementor-element-2cf4ac4 e-con-full e-flex e-con e-child\" data-id=\"2cf4ac4\" data-element_type=\"container\" data-e-type=\"container\" data-settings=\"{&quot;jet_parallax_layout_list&quot;:[]}\">\n\t\t\t\t<div class=\"elementor-element elementor-element-4eb3a01 elementor-widget elementor-widget-text-editor\" data-id=\"4eb3a01\" data-element_type=\"widget\" data-e-type=\"widget\" data-widget_type=\"text-editor.default\">\n\t\t\t\t<div class=\"elementor-widget-container\">\n\t\t\t\t\t\t\t\t\t<p>La IA aplicada a la selecci\u00f3 \u00e9s una eina clau per reduir l&#8217;absentisme laboral, ja que complementa l&#8217;an\u00e0lisi humana amb informaci\u00f3 objectiva i els patrons de comportament. A Eurofirms utilitzem IA per avaluar compet\u00e8ncies, afinitats i experi\u00e8ncies, aconseguint un matching m\u00e9s prec\u00eds i sostenible.<br> Aquesta combinaci\u00f3 de tecnologia i criteri professional redueix la rotaci\u00f3 i les abs\u00e8ncies a mitj\u00e0 termini. <\/p>\t\t\t\t\t\t\t\t<\/div>\n\t\t\t\t<\/div>\n\t\t\t\t<\/div>\n\t\t\t\t\t<\/details>\n\t\t\t\t\t\t<details id=\"e-n-accordion-item-1323\" class=\"e-n-accordion-item\" >\n\t\t\t\t<summary class=\"e-n-accordion-item-title\" data-accordion-index=\"4\" tabindex=\"-1\" aria-expanded=\"false\" aria-controls=\"e-n-accordion-item-1323\" >\n\t\t\t\t\t<span class='e-n-accordion-item-title-header'><h3 class=\"e-n-accordion-item-title-text\"> Selecci\u00f3 basada en dades i coneixement del sector <\/h3><\/span>\n\t\t\t\t\t\t\t<span class='e-n-accordion-item-title-icon'>\n\t\t\t<span class='e-opened' ><i aria-hidden=\"true\" class=\"fas fa-chevron-up\"><\/i><\/span>\n\t\t\t<span class='e-closed'><i aria-hidden=\"true\" class=\"fas fa-chevron-down\"><\/i><\/span>\n\t\t<\/span>\n\n\t\t\t\t\t\t<\/summary>\n\t\t\t\t<div role=\"region\" aria-labelledby=\"e-n-accordion-item-1323\" class=\"elementor-element elementor-element-9e787b0 e-con-full e-flex e-con e-child\" data-id=\"9e787b0\" data-element_type=\"container\" data-e-type=\"container\" data-settings=\"{&quot;jet_parallax_layout_list&quot;:[]}\">\n\t\t\t\t<div class=\"elementor-element elementor-element-129ebd8 elementor-widget elementor-widget-text-editor\" data-id=\"129ebd8\" data-element_type=\"widget\" data-e-type=\"widget\" data-widget_type=\"text-editor.default\">\n\t\t\t\t<div class=\"elementor-widget-container\">\n\t\t\t\t\t\t\t\t\t<p>La selecci\u00f3 basada en dades i coneixements del sector contribueix a reduir l&#8217;absentisme laboral gr\u00e0cies a decisions m\u00e9s informades. A Eurofirms combinem tecnologia, experi\u00e8ncia sectorial i an\u00e0lisi predictiva per assegurar contractacions alineades amb la realitat operativa de cada empresa. <\/p>\t\t\t\t\t\t\t\t<\/div>\n\t\t\t\t<\/div>\n\t\t\t\t<\/div>\n\t\t\t\t\t<\/details>\n\t\t\t\t\t<\/div>\n\t\t\t\t\t\t<\/div>\n\t\t\t\t<\/div>\n\t\t\t\t<\/div>\n\t\t\t\t<div class=\"elementor-element elementor-element-3079042 elementor-widget elementor-widget-icon-box\" data-id=\"3079042\" data-element_type=\"widget\" data-e-type=\"widget\" data-widget_type=\"icon-box.default\">\n\t\t\t\t<div class=\"elementor-widget-container\">\n\t\t\t\t\t\t\t<div class=\"elementor-icon-box-wrapper\">\n\n\t\t\t\n\t\t\t\t\t\t<div class=\"elementor-icon-box-content\">\n\n\t\t\t\t\t\t\t\t\t<h2 class=\"elementor-icon-box-title\">\n\t\t\t\t\t\t<span  >\n\t\t\t\t\t\t\tEl benestar laboral com a eina per disminuir l'absentisme\t\t\t\t\t\t<\/span>\n\t\t\t\t\t<\/h2>\n\t\t\t\t\n\t\t\t\t\t\t\t\t\t<p class=\"elementor-icon-box-description\">\n\t\t\t\t\t\tEl benestar laboral \u00e9s una eina essencial per disminuir l'absentisme laboral. Les empreses que treballen amb una estrat\u00e8gia de benestar activa i constant presenten nivells m\u00e9s baixos d'abs\u00e8ncies i una estabilitat m\u00e9s gran en els seus equips. A Eurofirms ho comprovem cada dia: les persones que se senten escoltades, valorades i acompanyades mostren m\u00e9s continu\u00eftat.  \t\t\t\t\t<\/p>\n\t\t\t\t\n\t\t\t<\/div>\n\t\t\t\n\t\t<\/div>\n\t\t\t\t\t\t<\/div>\n\t\t\t\t<\/div>\n\t\t<div class=\"elementor-element elementor-element-a617829 e-con-full e-flex e-con e-child\" data-id=\"a617829\" data-element_type=\"container\" data-e-type=\"container\" data-settings=\"{&quot;jet_parallax_layout_list&quot;:[],&quot;background_background&quot;:&quot;classic&quot;}\">\n\t\t\t\t<div class=\"elementor-element elementor-element-0898964 elementor-widget elementor-widget-n-accordion\" data-id=\"0898964\" data-element_type=\"widget\" data-e-type=\"widget\" data-settings=\"{&quot;default_state&quot;:&quot;all_collapsed&quot;,&quot;max_items_expended&quot;:&quot;one&quot;,&quot;n_accordion_animation_duration&quot;:{&quot;unit&quot;:&quot;ms&quot;,&quot;size&quot;:400,&quot;sizes&quot;:[]}}\" data-widget_type=\"nested-accordion.default\">\n\t\t\t\t<div class=\"elementor-widget-container\">\n\t\t\t\t\t\t\t<div class=\"e-n-accordion\" aria-label=\"Accordion. Open links with Enter or Space, close with Escape, and navigate with Arrow Keys\">\n\t\t\t\t\t\t<details id=\"e-n-accordion-item-9010\" class=\"e-n-accordion-item\" >\n\t\t\t\t<summary class=\"e-n-accordion-item-title\" data-accordion-index=\"1\" tabindex=\"0\" aria-expanded=\"false\" aria-controls=\"e-n-accordion-item-9010\" >\n\t\t\t\t\t<span class='e-n-accordion-item-title-header'><h3 class=\"e-n-accordion-item-title-text\"> Millora del clima laboral i la cohesi\u00f3 de l'equip <\/h3><\/span>\n\t\t\t\t\t\t\t<span class='e-n-accordion-item-title-icon'>\n\t\t\t<span class='e-opened' ><i aria-hidden=\"true\" class=\"fas fa-chevron-up\"><\/i><\/span>\n\t\t\t<span class='e-closed'><i aria-hidden=\"true\" class=\"fas fa-chevron-down\"><\/i><\/span>\n\t\t<\/span>\n\n\t\t\t\t\t\t<\/summary>\n\t\t\t\t<div role=\"region\" aria-labelledby=\"e-n-accordion-item-9010\" class=\"elementor-element elementor-element-b8dba77 e-con-full e-flex e-con e-child\" data-id=\"b8dba77\" data-element_type=\"container\" data-e-type=\"container\" data-settings=\"{&quot;jet_parallax_layout_list&quot;:[]}\">\n\t\t\t\t<div class=\"elementor-element elementor-element-e522c37 elementor-widget elementor-widget-text-editor\" data-id=\"e522c37\" data-element_type=\"widget\" data-e-type=\"widget\" data-widget_type=\"text-editor.default\">\n\t\t\t\t<div class=\"elementor-widget-container\">\n\t\t\t\t\t\t\t\t\t<p>La millora del clima laboral i la cohesi\u00f3 de l&#8217;equip redueix l&#8217;absentisme laboral en enfortir les relacions entre les persones. Els entorns basats en respecte i cooperaci\u00f3 generen equips m\u00e9s motivats i amb m\u00e9s sentit de pertinen\u00e7a. <\/p>\t\t\t\t\t\t\t\t<\/div>\n\t\t\t\t<\/div>\n\t\t\t\t<\/div>\n\t\t\t\t\t<\/details>\n\t\t\t\t\t\t<details id=\"e-n-accordion-item-9011\" class=\"e-n-accordion-item\" >\n\t\t\t\t<summary class=\"e-n-accordion-item-title\" data-accordion-index=\"2\" tabindex=\"-1\" aria-expanded=\"false\" aria-controls=\"e-n-accordion-item-9011\" >\n\t\t\t\t\t<span class='e-n-accordion-item-title-header'><h3 class=\"e-n-accordion-item-title-text\"> Reducci\u00f3 de l'estr\u00e8s i acompanyament emocional <\/h3><\/span>\n\t\t\t\t\t\t\t<span class='e-n-accordion-item-title-icon'>\n\t\t\t<span class='e-opened' ><i aria-hidden=\"true\" class=\"fas fa-chevron-up\"><\/i><\/span>\n\t\t\t<span class='e-closed'><i aria-hidden=\"true\" class=\"fas fa-chevron-down\"><\/i><\/span>\n\t\t<\/span>\n\n\t\t\t\t\t\t<\/summary>\n\t\t\t\t<div role=\"region\" aria-labelledby=\"e-n-accordion-item-9011\" class=\"elementor-element elementor-element-90d634d e-con-full e-flex e-con e-child\" data-id=\"90d634d\" data-element_type=\"container\" data-e-type=\"container\" data-settings=\"{&quot;jet_parallax_layout_list&quot;:[]}\">\n\t\t\t\t<div class=\"elementor-element elementor-element-a1b3e6e elementor-widget elementor-widget-text-editor\" data-id=\"a1b3e6e\" data-element_type=\"widget\" data-e-type=\"widget\" data-widget_type=\"text-editor.default\">\n\t\t\t\t<div class=\"elementor-widget-container\">\n\t\t\t\t\t\t\t\t\t<p>La reducci\u00f3 de l&#8217;estr\u00e8s i l&#8217;acompanyament emocional s\u00f3n determinants per evitar l&#8217;absentisme laboral. Proporcionar recursos, formaci\u00f3 i suport emocional ajuda les persones a gestionar millor la pressi\u00f3 ia mantenir-ne el rendiment i la pres\u00e8ncia. <\/p>\t\t\t\t\t\t\t\t<\/div>\n\t\t\t\t<\/div>\n\t\t\t\t<\/div>\n\t\t\t\t\t<\/details>\n\t\t\t\t\t\t<details id=\"e-n-accordion-item-9012\" class=\"e-n-accordion-item\" >\n\t\t\t\t<summary class=\"e-n-accordion-item-title\" data-accordion-index=\"3\" tabindex=\"-1\" aria-expanded=\"false\" aria-controls=\"e-n-accordion-item-9012\" >\n\t\t\t\t\t<span class='e-n-accordion-item-title-header'><h3 class=\"e-n-accordion-item-title-text\"> Seguiment continu per detectar senyals primerencs <\/h3><\/span>\n\t\t\t\t\t\t\t<span class='e-n-accordion-item-title-icon'>\n\t\t\t<span class='e-opened' ><i aria-hidden=\"true\" class=\"fas fa-chevron-up\"><\/i><\/span>\n\t\t\t<span class='e-closed'><i aria-hidden=\"true\" class=\"fas fa-chevron-down\"><\/i><\/span>\n\t\t<\/span>\n\n\t\t\t\t\t\t<\/summary>\n\t\t\t\t<div role=\"region\" aria-labelledby=\"e-n-accordion-item-9012\" class=\"elementor-element elementor-element-1c604a5 e-con-full e-flex e-con e-child\" data-id=\"1c604a5\" data-element_type=\"container\" data-e-type=\"container\" data-settings=\"{&quot;jet_parallax_layout_list&quot;:[]}\">\n\t\t\t\t<div class=\"elementor-element elementor-element-6c076e0 elementor-widget elementor-widget-text-editor\" data-id=\"6c076e0\" data-element_type=\"widget\" data-e-type=\"widget\" data-widget_type=\"text-editor.default\">\n\t\t\t\t<div class=\"elementor-widget-container\">\n\t\t\t\t\t\t\t\t\t<p>El seguiment continu permet prevenir l&#8217;absentisme laboral en detectar senyals primerencs com ara cansament, desmotivaci\u00f3 o dificultats de conciliaci\u00f3. A Eurofirms fem un acompanyament constant que permet intervenir abans que els problemes s&#8217;intensifiquin. <\/p>\t\t\t\t\t\t\t\t<\/div>\n\t\t\t\t<\/div>\n\t\t\t\t<\/div>\n\t\t\t\t\t<\/details>\n\t\t\t\t\t<\/div>\n\t\t\t\t\t\t<\/div>\n\t\t\t\t<\/div>\n\t\t\t\t<\/div>\n\t\t\t\t<div class=\"elementor-element elementor-element-ed0c2bf elementor-widget elementor-widget-icon-box\" data-id=\"ed0c2bf\" data-element_type=\"widget\" data-e-type=\"widget\" data-widget_type=\"icon-box.default\">\n\t\t\t\t<div class=\"elementor-widget-container\">\n\t\t\t\t\t\t\t<div class=\"elementor-icon-box-wrapper\">\n\n\t\t\t\n\t\t\t\t\t\t<div class=\"elementor-icon-box-content\">\n\n\t\t\t\t\t\t\t\t\t<h2 class=\"elementor-icon-box-title\">\n\t\t\t\t\t\t<span  >\n\t\t\t\t\t\t\tPrevenci\u00f3 i salut laboral com a pilar clau per reduir l'absentisme\t\t\t\t\t\t<\/span>\n\t\t\t\t\t<\/h2>\n\t\t\t\t\n\t\t\t\t\t\t\t\t\t<p class=\"elementor-icon-box-description\">\n\t\t\t\t\t\tLa <a id=\"https:\/\/www.eurofirms.com\/es\/es\/prevencion\/?utm_source=google&amp;utm_medium=GBP&amp;utm_campaign=blog_absentismo\" href=\"https:\/\/www.eurofirms.com\/es\/ca\/prevencio\/?utm_source=google&amp;utm_medium=GBP&amp;utm_campaign=blog_absentisme\">prevenci\u00f3 i la<\/a> <a id=\"https:\/\/www.eurofirms.com\/es\/es\/prevencion\/?utm_source=google&amp;utm_medium=GBP&amp;utm_campaign=blog_absentismo\" href=\"https:\/\/www.eurofirms.com\/es\/ca\/prevencio\/?utm_source=google&amp;utm_medium=GBP&amp;utm_campaign=blog_absentisme\" target=\"_blank\" rel=\"noreferrer noopener\">salut<\/a> <a id=\"https:\/\/www.eurofirms.com\/es\/es\/prevencion\/?utm_source=google&amp;utm_medium=GBP&amp;utm_campaign=blog_absentismo\" href=\"https:\/\/www.eurofirms.com\/es\/ca\/prevencio\/?utm_source=google&amp;utm_medium=GBP&amp;utm_campaign=blog_absentisme\">laboral<\/a> s\u00f3n pilars essencials per reduir l'absentisme laboral, ja que permeten crear entorns de treball m\u00e9s segurs, saludables i sostenibles. A Eurofirms treballem des de l'anticipaci\u00f3: identificar riscos, formar els equips, promoure h\u00e0bits saludables i garantir entorns de treball segurs redueix de manera directa les abs\u00e8ncies. \n\n<br><br><strong>Els nostres serveis de prevenci\u00f3 ajuden les empreses a complir la normativa, millorar la seguretat i reduir riscos laborals i organitzatius.<\/strong>  Una cultura preventiva s\u00f2lida, integrada al dia a dia, afavoreix el benestar dels equips i contribueix a disminuir l'absentisme laboral.\t\t\t\t\t<\/p>\n\t\t\t\t\n\t\t\t<\/div>\n\t\t\t\n\t\t<\/div>\n\t\t\t\t\t\t<\/div>\n\t\t\t\t<\/div>\n\t\t\t\t<div class=\"elementor-element elementor-element-1a499e5 elementor-widget elementor-widget-icon-box\" data-id=\"1a499e5\" data-element_type=\"widget\" data-e-type=\"widget\" data-widget_type=\"icon-box.default\">\n\t\t\t\t<div class=\"elementor-widget-container\">\n\t\t\t\t\t\t\t<div class=\"elementor-icon-box-wrapper\">\n\n\t\t\t\n\t\t\t\t\t\t<div class=\"elementor-icon-box-content\">\n\n\t\t\t\t\t\t\t\t\t<h2 class=\"elementor-icon-box-title\">\n\t\t\t\t\t\t<span  >\n\t\t\t\t\t\t\tCom ajuda Eurofirms a reduir l'absentisme laboral\t\t\t\t\t\t<\/span>\n\t\t\t\t\t<\/h2>\n\t\t\t\t\n\t\t\t\t\t\t\t\t\t<p class=\"elementor-icon-box-description\">\n\t\t\t\t\t\t<strong><a id=\"https:\/\/www.eurofirms.com\/es\/es\/contacto-empresa\/?utm_source=google&amp;utm_medium=GBP&amp;utm_campaign=blog_absentismo\" href=\"https:\/\/www.eurofirms.com\/es\/ca\/contacte-empreses\/?utm_source=google&amp;utm_medium=GBP&amp;utm_campaign=blog_absentisme\" target=\"_blank\" rel=\"noreferrer noopener\">L'ajuda que proporcionem a Eurofirms<\/a> \u00e9s clau per reduir l'absentisme laboral<\/strong> , ja que acompanyem les empreses amb un enfocament integral que combina selecci\u00f3 ajustada, benestar laboral, prevenci\u00f3 i una gesti\u00f3 del talent basada en valors.\n\nMitjan\u00e7ant aquest enfocament ajudem a:\n<ul class=\"wp-block-list\">\n \t<li>Millorar la qualitat dels processos de selecci\u00f3.<\/li>\n \t<li>Avaluar les causes de l'absentisme a cada empresa.<\/li>\n \t<li>Acompanyar les persones amb solucions de benestar personalitzades.<\/li>\n \t<li>Prevenir riscs a trav\u00e9s de serveis de prevenci\u00f3 i salut laboral.<\/li>\n \t<li>Construir cultures laborals m\u00e9s humanes i sostenibles.<\/li>\n<\/ul>\nEl resultat: menor absentisme laboral, m\u00e9s estabilitat i equips m\u00e9s motivats i preparats per cr\u00e9ixer.\t\t\t\t\t<\/p>\n\t\t\t\t\n\t\t\t<\/div>\n\t\t\t\n\t\t<\/div>\n\t\t\t\t\t\t<\/div>\n\t\t\t\t<\/div>\n\t\t\t\t\t<\/div>\n\t\t\t\t<\/div>\n\t\t\t\t<\/div>\n\t\t","protected":false},"excerpt":{"rendered":"<p>L&#8217;absentisme laboral \u00e9s un dels reptes m\u00e9s importants per a les empreses que cerquen construir equips estables, motivats i compromesos. A Eurofirms ho veiem di\u00e0riament: quan l&#8217;absentisme augmenta, la continu\u00eftat operativa s&#8217;afebleix, la c\u00e0rrega de l&#8217;equip present creix i el rendiment global disminueix. Per\u00f2 l&#8217;absentisme laboral tamb\u00e9 demostra una cosa essencial: quan una organitzaci\u00f3 integra [&hellip;]<\/p>\n","protected":false},"author":19,"featured_media":108555,"comment_status":"open","ping_status":"open","sticky":false,"template":"","format":"standard","meta":{"footnotes":""},"categories":[76],"tags":[],"class_list":["post-108577","post","type-post","status-publish","format-standard","has-post-thumbnail","hentry","category-tendencies"],"yoast_head":"<!-- This site is optimized with the Yoast SEO plugin v27.4 - https:\/\/yoast.com\/product\/yoast-seo-wordpress\/ -->\n<title>Absentisme laboral: qu\u00e8 \u00e9s, causes i com reduir-ho.<\/title>\n<meta name=\"description\" content=\"Descobreix qu\u00e8 \u00e9s l&#039;absentisme laboral, per qu\u00e8 passa i com reduir-ho a trav\u00e9s de selecci\u00f3, benestar i prevenci\u00f3 laboral.\" \/>\n<meta name=\"robots\" content=\"index, follow, max-snippet:-1, max-image-preview:large, max-video-preview:-1\" \/>\n<link rel=\"canonical\" href=\"https:\/\/www.eurofirms.com\/es\/ca\/absentisme-laboral-que-es-per-que-passa-i-com-reduir-ho-amb-una-millor-gestio-del-talent\/\" \/>\n<meta property=\"og:locale\" content=\"ca_ES\" \/>\n<meta property=\"og:type\" content=\"article\" \/>\n<meta property=\"og:title\" content=\"Absentisme laboral: qu\u00e8 \u00e9s, causes i com reduir-ho.\" \/>\n<meta property=\"og:description\" content=\"Descobreix qu\u00e8 \u00e9s l&#039;absentisme laboral, per qu\u00e8 passa i com reduir-ho a trav\u00e9s de selecci\u00f3, benestar i prevenci\u00f3 laboral.\" \/>\n<meta property=\"og:url\" content=\"https:\/\/www.eurofirms.com\/es\/ca\/absentisme-laboral-que-es-per-que-passa-i-com-reduir-ho-amb-una-millor-gestio-del-talent\/\" \/>\n<meta property=\"og:site_name\" content=\"Eurofirms\" \/>\n<meta property=\"article:published_time\" content=\"2026-03-12T15:28:38+00:00\" \/>\n<meta property=\"article:modified_time\" content=\"2026-03-23T10:56:00+00:00\" \/>\n<meta property=\"og:image\" content=\"https:\/\/www.eurofirms.com\/es\/wp-content\/uploads\/sites\/2\/2026\/03\/absentismo-laboral-Eurofirms-gestion-del-talento.webp\" \/>\n\t<meta property=\"og:image:width\" content=\"1000\" \/>\n\t<meta property=\"og:image:height\" content=\"340\" \/>\n\t<meta property=\"og:image:type\" content=\"image\/webp\" \/>\n<meta name=\"author\" content=\"dfont\" \/>\n<meta name=\"twitter:card\" content=\"summary_large_image\" \/>\n<meta name=\"twitter:creator\" content=\"@euroadmin\" \/>\n<meta name=\"twitter:label1\" content=\"Escrit per\" \/>\n\t<meta name=\"twitter:data1\" content=\"dfont\" \/>\n\t<meta name=\"twitter:label2\" content=\"Temps estimat de lectura\" \/>\n\t<meta name=\"twitter:data2\" content=\"9 minuts\" \/>\n<script type=\"application\/ld+json\" class=\"yoast-schema-graph\">{\"@context\":\"https:\\\/\\\/schema.org\",\"@graph\":[{\"@type\":\"Article\",\"@id\":\"https:\\\/\\\/www.eurofirms.com\\\/es\\\/ca\\\/absentisme-laboral-que-es-per-que-passa-i-com-reduir-ho-amb-una-millor-gestio-del-talent\\\/#article\",\"isPartOf\":{\"@id\":\"https:\\\/\\\/www.eurofirms.com\\\/es\\\/ca\\\/absentisme-laboral-que-es-per-que-passa-i-com-reduir-ho-amb-una-millor-gestio-del-talent\\\/\"},\"author\":{\"name\":\"dfont\",\"@id\":\"https:\\\/\\\/www.eurofirms.com\\\/es\\\/ca\\\/#\\\/schema\\\/person\\\/63bcdd06065f825dfbc9986036594b16\"},\"headline\":\"Absentisme laboral: qu\u00e8 \u00e9s, per qu\u00e8 passa i com reduir-ho amb una millor gesti\u00f3 del talent.\",\"datePublished\":\"2026-03-12T15:28:38+00:00\",\"dateModified\":\"2026-03-23T10:56:00+00:00\",\"mainEntityOfPage\":{\"@id\":\"https:\\\/\\\/www.eurofirms.com\\\/es\\\/ca\\\/absentisme-laboral-que-es-per-que-passa-i-com-reduir-ho-amb-una-millor-gestio-del-talent\\\/\"},\"wordCount\":1975,\"commentCount\":0,\"publisher\":{\"@id\":\"https:\\\/\\\/www.eurofirms.com\\\/es\\\/ca\\\/#organization\"},\"image\":{\"@id\":\"https:\\\/\\\/www.eurofirms.com\\\/es\\\/ca\\\/absentisme-laboral-que-es-per-que-passa-i-com-reduir-ho-amb-una-millor-gestio-del-talent\\\/#primaryimage\"},\"thumbnailUrl\":\"https:\\\/\\\/www.eurofirms.com\\\/es\\\/wp-content\\\/uploads\\\/sites\\\/2\\\/2026\\\/03\\\/absentismo-laboral-Eurofirms-gestion-del-talento.webp\",\"articleSection\":[\"Tend\u00e8ncies\"],\"inLanguage\":\"ca\",\"potentialAction\":[{\"@type\":\"CommentAction\",\"name\":\"Comment\",\"target\":[\"https:\\\/\\\/www.eurofirms.com\\\/es\\\/ca\\\/absentisme-laboral-que-es-per-que-passa-i-com-reduir-ho-amb-una-millor-gestio-del-talent\\\/#respond\"]}]},{\"@type\":\"WebPage\",\"@id\":\"https:\\\/\\\/www.eurofirms.com\\\/es\\\/ca\\\/absentisme-laboral-que-es-per-que-passa-i-com-reduir-ho-amb-una-millor-gestio-del-talent\\\/\",\"url\":\"https:\\\/\\\/www.eurofirms.com\\\/es\\\/ca\\\/absentisme-laboral-que-es-per-que-passa-i-com-reduir-ho-amb-una-millor-gestio-del-talent\\\/\",\"name\":\"Absentisme laboral: qu\u00e8 \u00e9s, causes i com reduir-ho.\",\"isPartOf\":{\"@id\":\"https:\\\/\\\/www.eurofirms.com\\\/es\\\/ca\\\/#website\"},\"primaryImageOfPage\":{\"@id\":\"https:\\\/\\\/www.eurofirms.com\\\/es\\\/ca\\\/absentisme-laboral-que-es-per-que-passa-i-com-reduir-ho-amb-una-millor-gestio-del-talent\\\/#primaryimage\"},\"image\":{\"@id\":\"https:\\\/\\\/www.eurofirms.com\\\/es\\\/ca\\\/absentisme-laboral-que-es-per-que-passa-i-com-reduir-ho-amb-una-millor-gestio-del-talent\\\/#primaryimage\"},\"thumbnailUrl\":\"https:\\\/\\\/www.eurofirms.com\\\/es\\\/wp-content\\\/uploads\\\/sites\\\/2\\\/2026\\\/03\\\/absentismo-laboral-Eurofirms-gestion-del-talento.webp\",\"datePublished\":\"2026-03-12T15:28:38+00:00\",\"dateModified\":\"2026-03-23T10:56:00+00:00\",\"description\":\"Descobreix qu\u00e8 \u00e9s l'absentisme laboral, per qu\u00e8 passa i com reduir-ho a trav\u00e9s de selecci\u00f3, benestar i prevenci\u00f3 laboral.\",\"breadcrumb\":{\"@id\":\"https:\\\/\\\/www.eurofirms.com\\\/es\\\/ca\\\/absentisme-laboral-que-es-per-que-passa-i-com-reduir-ho-amb-una-millor-gestio-del-talent\\\/#breadcrumb\"},\"inLanguage\":\"ca\",\"potentialAction\":[{\"@type\":\"ReadAction\",\"target\":[\"https:\\\/\\\/www.eurofirms.com\\\/es\\\/ca\\\/absentisme-laboral-que-es-per-que-passa-i-com-reduir-ho-amb-una-millor-gestio-del-talent\\\/\"]}]},{\"@type\":\"ImageObject\",\"inLanguage\":\"ca\",\"@id\":\"https:\\\/\\\/www.eurofirms.com\\\/es\\\/ca\\\/absentisme-laboral-que-es-per-que-passa-i-com-reduir-ho-amb-una-millor-gestio-del-talent\\\/#primaryimage\",\"url\":\"https:\\\/\\\/www.eurofirms.com\\\/es\\\/wp-content\\\/uploads\\\/sites\\\/2\\\/2026\\\/03\\\/absentismo-laboral-Eurofirms-gestion-del-talento.webp\",\"contentUrl\":\"https:\\\/\\\/www.eurofirms.com\\\/es\\\/wp-content\\\/uploads\\\/sites\\\/2\\\/2026\\\/03\\\/absentismo-laboral-Eurofirms-gestion-del-talento.webp\",\"width\":1000,\"height\":340},{\"@type\":\"BreadcrumbList\",\"@id\":\"https:\\\/\\\/www.eurofirms.com\\\/es\\\/ca\\\/absentisme-laboral-que-es-per-que-passa-i-com-reduir-ho-amb-una-millor-gestio-del-talent\\\/#breadcrumb\",\"itemListElement\":[{\"@type\":\"ListItem\",\"position\":1,\"name\":\"Home\",\"item\":\"https:\\\/\\\/www.eurofirms.com\\\/es\\\/ca\\\/\"},{\"@type\":\"ListItem\",\"position\":2,\"name\":\"Absentisme laboral: qu\u00e8 \u00e9s, per qu\u00e8 passa i com reduir-ho amb una millor gesti\u00f3 del talent.\"}]},{\"@type\":\"WebSite\",\"@id\":\"https:\\\/\\\/www.eurofirms.com\\\/es\\\/ca\\\/#website\",\"url\":\"https:\\\/\\\/www.eurofirms.com\\\/es\\\/ca\\\/\",\"name\":\"Eurofirms\",\"description\":\"Eurofirms\",\"publisher\":{\"@id\":\"https:\\\/\\\/www.eurofirms.com\\\/es\\\/ca\\\/#organization\"},\"potentialAction\":[{\"@type\":\"SearchAction\",\"target\":{\"@type\":\"EntryPoint\",\"urlTemplate\":\"https:\\\/\\\/www.eurofirms.com\\\/es\\\/ca\\\/?s={search_term_string}\"},\"query-input\":{\"@type\":\"PropertyValueSpecification\",\"valueRequired\":true,\"valueName\":\"search_term_string\"}}],\"inLanguage\":\"ca\"},{\"@type\":\"Organization\",\"@id\":\"https:\\\/\\\/www.eurofirms.com\\\/es\\\/ca\\\/#organization\",\"name\":\"Eurofirms\",\"url\":\"https:\\\/\\\/www.eurofirms.com\\\/es\\\/ca\\\/\",\"logo\":{\"@type\":\"ImageObject\",\"inLanguage\":\"ca\",\"@id\":\"https:\\\/\\\/www.eurofirms.com\\\/es\\\/ca\\\/#\\\/schema\\\/logo\\\/image\\\/\",\"url\":\"https:\\\/\\\/www.eurofirms.com\\\/es\\\/wp-content\\\/uploads\\\/sites\\\/2\\\/2025\\\/02\\\/logo-eurofirms-people-first.webp\",\"contentUrl\":\"https:\\\/\\\/www.eurofirms.com\\\/es\\\/wp-content\\\/uploads\\\/sites\\\/2\\\/2025\\\/02\\\/logo-eurofirms-people-first.webp\",\"width\":130,\"height\":38,\"caption\":\"Eurofirms\"},\"image\":{\"@id\":\"https:\\\/\\\/www.eurofirms.com\\\/es\\\/ca\\\/#\\\/schema\\\/logo\\\/image\\\/\"}},{\"@type\":\"Person\",\"@id\":\"https:\\\/\\\/www.eurofirms.com\\\/es\\\/ca\\\/#\\\/schema\\\/person\\\/63bcdd06065f825dfbc9986036594b16\",\"name\":\"dfont\",\"image\":{\"@type\":\"ImageObject\",\"inLanguage\":\"ca\",\"@id\":\"https:\\\/\\\/secure.gravatar.com\\\/avatar\\\/eb899919585d5cb4dca6aed43c0500b65db91cb22f92b8be8899b29fae44ee4d?s=96&d=mm&r=g\",\"url\":\"https:\\\/\\\/secure.gravatar.com\\\/avatar\\\/eb899919585d5cb4dca6aed43c0500b65db91cb22f92b8be8899b29fae44ee4d?s=96&d=mm&r=g\",\"contentUrl\":\"https:\\\/\\\/secure.gravatar.com\\\/avatar\\\/eb899919585d5cb4dca6aed43c0500b65db91cb22f92b8be8899b29fae44ee4d?s=96&d=mm&r=g\",\"caption\":\"dfont\"},\"sameAs\":[\"https:\\\/\\\/x.com\\\/euroadmin\"]}]}<\/script>\n<!-- \/ Yoast SEO plugin. -->","yoast_head_json":{"title":"Absentisme laboral: qu\u00e8 \u00e9s, causes i com reduir-ho.","description":"Descobreix qu\u00e8 \u00e9s l'absentisme laboral, per qu\u00e8 passa i com reduir-ho a trav\u00e9s de selecci\u00f3, benestar i prevenci\u00f3 laboral.","robots":{"index":"index","follow":"follow","max-snippet":"max-snippet:-1","max-image-preview":"max-image-preview:large","max-video-preview":"max-video-preview:-1"},"canonical":"https:\/\/www.eurofirms.com\/es\/ca\/absentisme-laboral-que-es-per-que-passa-i-com-reduir-ho-amb-una-millor-gestio-del-talent\/","og_locale":"ca_ES","og_type":"article","og_title":"Absentisme laboral: qu\u00e8 \u00e9s, causes i com reduir-ho.","og_description":"Descobreix qu\u00e8 \u00e9s l'absentisme laboral, per qu\u00e8 passa i com reduir-ho a trav\u00e9s de selecci\u00f3, benestar i prevenci\u00f3 laboral.","og_url":"https:\/\/www.eurofirms.com\/es\/ca\/absentisme-laboral-que-es-per-que-passa-i-com-reduir-ho-amb-una-millor-gestio-del-talent\/","og_site_name":"Eurofirms","article_published_time":"2026-03-12T15:28:38+00:00","article_modified_time":"2026-03-23T10:56:00+00:00","og_image":[{"width":1000,"height":340,"url":"https:\/\/www.eurofirms.com\/es\/wp-content\/uploads\/sites\/2\/2026\/03\/absentismo-laboral-Eurofirms-gestion-del-talento.webp","type":"image\/webp"}],"author":"dfont","twitter_card":"summary_large_image","twitter_creator":"@euroadmin","twitter_misc":{"Escrit per":"dfont","Temps estimat de lectura":"9 minuts"},"schema":{"@context":"https:\/\/schema.org","@graph":[{"@type":"Article","@id":"https:\/\/www.eurofirms.com\/es\/ca\/absentisme-laboral-que-es-per-que-passa-i-com-reduir-ho-amb-una-millor-gestio-del-talent\/#article","isPartOf":{"@id":"https:\/\/www.eurofirms.com\/es\/ca\/absentisme-laboral-que-es-per-que-passa-i-com-reduir-ho-amb-una-millor-gestio-del-talent\/"},"author":{"name":"dfont","@id":"https:\/\/www.eurofirms.com\/es\/ca\/#\/schema\/person\/63bcdd06065f825dfbc9986036594b16"},"headline":"Absentisme laboral: qu\u00e8 \u00e9s, per qu\u00e8 passa i com reduir-ho amb una millor gesti\u00f3 del talent.","datePublished":"2026-03-12T15:28:38+00:00","dateModified":"2026-03-23T10:56:00+00:00","mainEntityOfPage":{"@id":"https:\/\/www.eurofirms.com\/es\/ca\/absentisme-laboral-que-es-per-que-passa-i-com-reduir-ho-amb-una-millor-gestio-del-talent\/"},"wordCount":1975,"commentCount":0,"publisher":{"@id":"https:\/\/www.eurofirms.com\/es\/ca\/#organization"},"image":{"@id":"https:\/\/www.eurofirms.com\/es\/ca\/absentisme-laboral-que-es-per-que-passa-i-com-reduir-ho-amb-una-millor-gestio-del-talent\/#primaryimage"},"thumbnailUrl":"https:\/\/www.eurofirms.com\/es\/wp-content\/uploads\/sites\/2\/2026\/03\/absentismo-laboral-Eurofirms-gestion-del-talento.webp","articleSection":["Tend\u00e8ncies"],"inLanguage":"ca","potentialAction":[{"@type":"CommentAction","name":"Comment","target":["https:\/\/www.eurofirms.com\/es\/ca\/absentisme-laboral-que-es-per-que-passa-i-com-reduir-ho-amb-una-millor-gestio-del-talent\/#respond"]}]},{"@type":"WebPage","@id":"https:\/\/www.eurofirms.com\/es\/ca\/absentisme-laboral-que-es-per-que-passa-i-com-reduir-ho-amb-una-millor-gestio-del-talent\/","url":"https:\/\/www.eurofirms.com\/es\/ca\/absentisme-laboral-que-es-per-que-passa-i-com-reduir-ho-amb-una-millor-gestio-del-talent\/","name":"Absentisme laboral: qu\u00e8 \u00e9s, causes i com reduir-ho.","isPartOf":{"@id":"https:\/\/www.eurofirms.com\/es\/ca\/#website"},"primaryImageOfPage":{"@id":"https:\/\/www.eurofirms.com\/es\/ca\/absentisme-laboral-que-es-per-que-passa-i-com-reduir-ho-amb-una-millor-gestio-del-talent\/#primaryimage"},"image":{"@id":"https:\/\/www.eurofirms.com\/es\/ca\/absentisme-laboral-que-es-per-que-passa-i-com-reduir-ho-amb-una-millor-gestio-del-talent\/#primaryimage"},"thumbnailUrl":"https:\/\/www.eurofirms.com\/es\/wp-content\/uploads\/sites\/2\/2026\/03\/absentismo-laboral-Eurofirms-gestion-del-talento.webp","datePublished":"2026-03-12T15:28:38+00:00","dateModified":"2026-03-23T10:56:00+00:00","description":"Descobreix qu\u00e8 \u00e9s l'absentisme laboral, per qu\u00e8 passa i com reduir-ho a trav\u00e9s de selecci\u00f3, benestar i prevenci\u00f3 laboral.","breadcrumb":{"@id":"https:\/\/www.eurofirms.com\/es\/ca\/absentisme-laboral-que-es-per-que-passa-i-com-reduir-ho-amb-una-millor-gestio-del-talent\/#breadcrumb"},"inLanguage":"ca","potentialAction":[{"@type":"ReadAction","target":["https:\/\/www.eurofirms.com\/es\/ca\/absentisme-laboral-que-es-per-que-passa-i-com-reduir-ho-amb-una-millor-gestio-del-talent\/"]}]},{"@type":"ImageObject","inLanguage":"ca","@id":"https:\/\/www.eurofirms.com\/es\/ca\/absentisme-laboral-que-es-per-que-passa-i-com-reduir-ho-amb-una-millor-gestio-del-talent\/#primaryimage","url":"https:\/\/www.eurofirms.com\/es\/wp-content\/uploads\/sites\/2\/2026\/03\/absentismo-laboral-Eurofirms-gestion-del-talento.webp","contentUrl":"https:\/\/www.eurofirms.com\/es\/wp-content\/uploads\/sites\/2\/2026\/03\/absentismo-laboral-Eurofirms-gestion-del-talento.webp","width":1000,"height":340},{"@type":"BreadcrumbList","@id":"https:\/\/www.eurofirms.com\/es\/ca\/absentisme-laboral-que-es-per-que-passa-i-com-reduir-ho-amb-una-millor-gestio-del-talent\/#breadcrumb","itemListElement":[{"@type":"ListItem","position":1,"name":"Home","item":"https:\/\/www.eurofirms.com\/es\/ca\/"},{"@type":"ListItem","position":2,"name":"Absentisme laboral: qu\u00e8 \u00e9s, per qu\u00e8 passa i com reduir-ho amb una millor gesti\u00f3 del talent."}]},{"@type":"WebSite","@id":"https:\/\/www.eurofirms.com\/es\/ca\/#website","url":"https:\/\/www.eurofirms.com\/es\/ca\/","name":"Eurofirms","description":"Eurofirms","publisher":{"@id":"https:\/\/www.eurofirms.com\/es\/ca\/#organization"},"potentialAction":[{"@type":"SearchAction","target":{"@type":"EntryPoint","urlTemplate":"https:\/\/www.eurofirms.com\/es\/ca\/?s={search_term_string}"},"query-input":{"@type":"PropertyValueSpecification","valueRequired":true,"valueName":"search_term_string"}}],"inLanguage":"ca"},{"@type":"Organization","@id":"https:\/\/www.eurofirms.com\/es\/ca\/#organization","name":"Eurofirms","url":"https:\/\/www.eurofirms.com\/es\/ca\/","logo":{"@type":"ImageObject","inLanguage":"ca","@id":"https:\/\/www.eurofirms.com\/es\/ca\/#\/schema\/logo\/image\/","url":"https:\/\/www.eurofirms.com\/es\/wp-content\/uploads\/sites\/2\/2025\/02\/logo-eurofirms-people-first.webp","contentUrl":"https:\/\/www.eurofirms.com\/es\/wp-content\/uploads\/sites\/2\/2025\/02\/logo-eurofirms-people-first.webp","width":130,"height":38,"caption":"Eurofirms"},"image":{"@id":"https:\/\/www.eurofirms.com\/es\/ca\/#\/schema\/logo\/image\/"}},{"@type":"Person","@id":"https:\/\/www.eurofirms.com\/es\/ca\/#\/schema\/person\/63bcdd06065f825dfbc9986036594b16","name":"dfont","image":{"@type":"ImageObject","inLanguage":"ca","@id":"https:\/\/secure.gravatar.com\/avatar\/eb899919585d5cb4dca6aed43c0500b65db91cb22f92b8be8899b29fae44ee4d?s=96&d=mm&r=g","url":"https:\/\/secure.gravatar.com\/avatar\/eb899919585d5cb4dca6aed43c0500b65db91cb22f92b8be8899b29fae44ee4d?s=96&d=mm&r=g","contentUrl":"https:\/\/secure.gravatar.com\/avatar\/eb899919585d5cb4dca6aed43c0500b65db91cb22f92b8be8899b29fae44ee4d?s=96&d=mm&r=g","caption":"dfont"},"sameAs":["https:\/\/x.com\/euroadmin"]}]}},"_links":{"self":[{"href":"https:\/\/www.eurofirms.com\/es\/ca\/wp-json\/wp\/v2\/posts\/108577","targetHints":{"allow":["GET"]}}],"collection":[{"href":"https:\/\/www.eurofirms.com\/es\/ca\/wp-json\/wp\/v2\/posts"}],"about":[{"href":"https:\/\/www.eurofirms.com\/es\/ca\/wp-json\/wp\/v2\/types\/post"}],"author":[{"embeddable":true,"href":"https:\/\/www.eurofirms.com\/es\/ca\/wp-json\/wp\/v2\/users\/19"}],"replies":[{"embeddable":true,"href":"https:\/\/www.eurofirms.com\/es\/ca\/wp-json\/wp\/v2\/comments?post=108577"}],"version-history":[{"count":0,"href":"https:\/\/www.eurofirms.com\/es\/ca\/wp-json\/wp\/v2\/posts\/108577\/revisions"}],"wp:featuredmedia":[{"embeddable":true,"href":"https:\/\/www.eurofirms.com\/es\/ca\/wp-json\/wp\/v2\/media\/108555"}],"wp:attachment":[{"href":"https:\/\/www.eurofirms.com\/es\/ca\/wp-json\/wp\/v2\/media?parent=108577"}],"wp:term":[{"taxonomy":"category","embeddable":true,"href":"https:\/\/www.eurofirms.com\/es\/ca\/wp-json\/wp\/v2\/categories?post=108577"},{"taxonomy":"post_tag","embeddable":true,"href":"https:\/\/www.eurofirms.com\/es\/ca\/wp-json\/wp\/v2\/tags?post=108577"}],"curies":[{"name":"wp","href":"https:\/\/api.w.org\/{rel}","templated":true}]}}